{"id":5313,"date":"2014-12-07T19:04:10","date_gmt":"2014-12-07T22:04:10","guid":{"rendered":"http:\/\/grupotiempodigital.com.ar\/?p=5313"},"modified":"2014-12-07T19:04:10","modified_gmt":"2014-12-07T22:04:10","slug":"columna-del-domingo-por-hector-ricardo-olivera-te-das-cuenta-los-problemas-que-trae-esta-mina","status":"publish","type":"post","link":"https:\/\/grupotiempodigital.com.ar\/?p=5313","title":{"rendered":"Columna del domingo, por H\u00e9ctor Ricardo Olivera: \u201cTE DAS CUENTA LOS PROBLEMAS QUE TRAE ESTA MINA\u201d"},"content":{"rendered":"<p>Esta columna semanal trata siempre de usar el lenguaje de acuerdo a las normas gramaticales, sem\u00e1nticas y del buen  gusto.<br \/>\nSe trata, seguramente, de mantenerse atado a la ense\u00f1anza de las viejas maestras de la Escuela Normal, rigurosas y exigentes para indicarnos un camino de buen decir y escribir y sujeci\u00f3n a las normas de la lengua de Cervantes.<br \/>\nEl t\u00edtulo de esta nota no es, por ello, de autor\u00eda de este comentarista.<br \/>\nEs la cita textual de una frase auto referencial  de la Presidenta de la Rep\u00fablica en su alocuci\u00f3n en oportunidad del cierre de la Conferencia de la Uni\u00f3n Industrial Argentina, (UIA) esta semana en el Sheraton Pilar.<br \/>\nNo es la primera vez, ni ser\u00e1 la \u00faltima, que la Presidenta imagina darle un toque revolucionario a su discurso agregando alguna expresi\u00f3n de dudoso gusto y escasa oportunidad en funci\u00f3n de su cargo y lo que de ella ser\u00eda dable escuchar.<br \/>\nNo es para horrorizarse por lo que dice.<br \/>\nS\u00ed es para hacerlo por lo que hace.<br \/>\nLa amplitud del lenguaje, que se extiende en la medida en que se baja de nivel, es infinita.<br \/>\nComo dijo \u201cmina\u201d podr\u00edamos agregar \u201cnaifa\u201d, \u201cjermu\u201d,\u201dpercanta\u201d, \u201cgato\u201d, \u201cnami\u201d, \u201cbataclana\u201d  y otras m\u00e1s.<br \/>\nSucede que no es improbable que todos sepamos acepciones diversas para referirnos a lo mismo.<br \/>\nPero hay una exigencia natural de espacio y oportunidad que nos obliga a ser exactos y educados.<br \/>\nLa Presidenta imagina que por este camino del mal gusto y el peor estilo muestra un sentido que supone parte del progresismo que tambi\u00e9n imagina.<br \/>\nEstas exhibiciones nada suman para alterar lo que en verdad dijo y siempre dice.<br \/>\nApenas agregan un eslab\u00f3n m\u00e1s a la cadena descendente que ha llevado a la Rep\u00fablica este estado de descomposici\u00f3n social, econ\u00f3mica y moral.<br \/>\nEl contenido del discurso, como el de todos, es una p\u00e1gina m\u00e1s del relato que se empe\u00f1a en contar un cuento de un Pa\u00eds imaginario en tanto la realidad pasa por la otra calle con su secuela de crisis que golpea a tanta gente.<br \/>\nLos ejemplos de la crisis est\u00e1n en cada casa, en cada escuela, en cada hospital, en cada empresa y, \u00faltimamente y por suerte, en cada Tribunal de Justicia.<br \/>\nLa pretensi\u00f3n de un uso educado del lenguaje suena a una exigencia vac\u00eda de contenido.<br \/>\nPosiblemente lo sea, porque la realidad pide mucho m\u00e1s.<br \/>\nPero no est\u00e1 dem\u00e1s requerirlo si no de una \u201cabogada exitosa\u201d de una \u201chotelera exitosa\u201d.<br \/>\nSer\u00eda una forma de aporte m\u00ednimo pero aporte al fin, para alg\u00fan chico que pueda estar escuchando.<\/p>\n","protected":false},"excerpt":{"rendered":"<p>Esta columna semanal trata siempre de usar el lenguaje de acuerdo a las normas gramaticales, sem\u00e1nticas y del buen gusto.<\/p>\n","protected":false},"author":3,"featured_media":0,"comment_status":"open","ping_status":"open","sticky":false,"template":"","format":"standard","meta":{"colormag_page_container_layout":"default_layout","colormag_page_sidebar_layout":"default_layout","footnotes":""},"categories":[1],"tags":[],"class_list":["post-5313","post","type-post","status-publish","format-standard","hentry","category-actualidad"],"_links":{"self":[{"href":"https:\/\/grupotiempodigital.com.ar\/index.php?rest_route=\/wp\/v2\/posts\/5313","targetHints":{"allow":["GET"]}}],"collection":[{"href":"https:\/\/grupotiempodigital.com.ar\/index.php?rest_route=\/wp\/v2\/posts"}],"about":[{"href":"https:\/\/grupotiempodigital.com.ar\/index.php?rest_route=\/wp\/v2\/types\/post"}],"author":[{"embeddable":true,"href":"https:\/\/grupotiempodigital.com.ar\/index.php?rest_route=\/wp\/v2\/users\/3"}],"replies":[{"embeddable":true,"href":"https:\/\/grupotiempodigital.com.ar\/index.php?rest_route=%2Fwp%2Fv2%2Fcomments&post=5313"}],"version-history":[{"count":0,"href":"https:\/\/grupotiempodigital.com.ar\/index.php?rest_route=\/wp\/v2\/posts\/5313\/revisions"}],"wp:attachment":[{"href":"https:\/\/grupotiempodigital.com.ar\/index.php?rest_route=%2Fwp%2Fv2%2Fmedia&parent=5313"}],"wp:term":[{"taxonomy":"category","embeddable":true,"href":"https:\/\/grupotiempodigital.com.ar\/index.php?rest_route=%2Fwp%2Fv2%2Fcategories&post=5313"},{"taxonomy":"post_tag","embeddable":true,"href":"https:\/\/grupotiempodigital.com.ar\/index.php?rest_route=%2Fwp%2Fv2%2Ftags&post=5313"}],"curies":[{"name":"wp","href":"https:\/\/api.w.org\/{rel}","templated":true}]}}