{"id":5307,"date":"2014-12-06T22:11:33","date_gmt":"2014-12-07T01:11:33","guid":{"rendered":"http:\/\/grupotiempodigital.com.ar\/?p=5307"},"modified":"2014-12-06T22:12:40","modified_gmt":"2014-12-07T01:12:40","slug":"parte-de-prensa-de-la-policia-comunal-de-gral-paz","status":"publish","type":"post","link":"https:\/\/grupotiempodigital.com.ar\/?p=5307","title":{"rendered":"Parte de Prensa de la Polic\u00eda Comunal de Gral. Paz"},"content":{"rendered":"<p>Por intermedio de la presente me dirijo a usted, a fin de llevar a conocimiento de la sociedad, que el d\u00eda 4 del cte. se procedi\u00f3 a la detenci\u00f3n de COLOMNA NAHUEL EMILIANO, quien debe cumplir 3 d\u00edas de arresto en causa contravencional por Inf. Art. 74 inc. \u201cA\u201d de la Ley 8031, hall\u00e1ndose alojado en San Vicente.<br \/>\nEsta polic\u00eda tomo conocimiento que la ciudadana HABERMAN YAMILA fue v\u00edctima de la sustracci\u00f3n de una billetera color rosa, la que estaba en el interior de un canasto de una bicicleta, la cual hab\u00eda dejado apoyada en el cord\u00f3n de la vereda en Calle Ameghino y Gandulla, hecho ocurrido el d\u00eda 04 del cte. a las 18 horas, conteniendo en su interior aproximadamente 400 pesos, y una tarjeta de asignaci\u00f3n universal. Habi\u00e9ndose realizado una inspecci\u00f3n en las c\u00e1maras de seguridad del municipio local, se observa la secuencia del hecho, donde una persona de contextura f\u00edsica robusta, quien vest\u00eda remera celeste con bermudas, pelo corto marr\u00f3n, t\u00e9s blanca, acompa\u00f1ado al momento del hecho de un perro color marr\u00f3n quien obtiene el bot\u00edn y corre hacia la esquina de calle Sansi\u00f1ena y Ameghino, girando hacia Sansi\u00f1ena en direcci\u00f3n a las v\u00edas. No pudi\u00e9ndose identificar el N.N, pero por sus caracter\u00edsticas seria menor de edad. Comisionado personal policial con fotograf\u00eda del autor y el can que lo acompa\u00f1aba se logra establecer al autor, quien resulta ser menor de edad, domiciliado en Calle Alsina y Moreno B\u00b0 La Pilarica de este medio, recuper\u00e1ndose la billetera. En el domicilio se estableci\u00f3 que el can que lo acompa\u00f1aba al momento del hecho es propiedad de la familia. Se Instruyen actuaciones por Hurto, con intervenci\u00f3n de la fiscal\u00eda de La Plata.<br \/>\nEn otro orden, la Sra. KAREN VIVIANA MU\u00d1OZ, con el mismo modus operandi en Calle Gandulla E\/ Ameghino y Campomar, dejando su bicicleta sobre el cord\u00f3n y una cartera negra, ingresa a un comercio, al salir contacta la sustracci\u00f3n de dicha cartera, estableci\u00e9ndose autor del hecho dos menores de edad, trat\u00e1ndose estos del menor mencionado en el hecho de Haberman, acompa\u00f1ado por otro menor que se domicilia en calle Moreno casa N\u00b0 25 B\u00b0 La Pilarica, elementos recuperados en poder de la damnificada. Se Instruyen actuaciones caratuladas Hurto, con intervenci\u00f3n de la fiscal\u00eda de La Plata.<br \/>\nRespecto a la actividad il\u00edcita de los menores, se dar\u00e1 intervenci\u00f3n a la oficina del Servicio Local de Promoci\u00f3n y Protecci\u00f3n de los derechos del ni\u00f1o, para su respectivo tratamiento y seguimiento.<\/p>\n<p>Sin otro particular saluda a usted muy atentamente.- <\/p>\n<h3>ARRUBIA FERNANDO JAVIER<br \/>\nCOMISARIO<br \/>\nJEFE COMUNAL GRAL. PAZ<\/h3>\n","protected":false},"excerpt":{"rendered":"<p>Por intermedio de la presente me dirijo a usted, a fin de llevar a conocimiento de la sociedad, que el<\/p>\n","protected":false},"author":3,"featured_media":0,"comment_status":"open","ping_status":"open","sticky":false,"template":"","format":"standard","meta":{"colormag_page_container_layout":"default_layout","colormag_page_sidebar_layout":"default_layout","footnotes":""},"categories":[1],"tags":[],"class_list":["post-5307","post","type-post","status-publish","format-standard","hentry","category-actualidad"],"_links":{"self":[{"href":"https:\/\/grupotiempodigital.com.ar\/index.php?rest_route=\/wp\/v2\/posts\/5307","targetHints":{"allow":["GET"]}}],"collection":[{"href":"https:\/\/grupotiempodigital.com.ar\/index.php?rest_route=\/wp\/v2\/posts"}],"about":[{"href":"https:\/\/grupotiempodigital.com.ar\/index.php?rest_route=\/wp\/v2\/types\/post"}],"author":[{"embeddable":true,"href":"https:\/\/grupotiempodigital.com.ar\/index.php?rest_route=\/wp\/v2\/users\/3"}],"replies":[{"embeddable":true,"href":"https:\/\/grupotiempodigital.com.ar\/index.php?rest_route=%2Fwp%2Fv2%2Fcomments&post=5307"}],"version-history":[{"count":0,"href":"https:\/\/grupotiempodigital.com.ar\/index.php?rest_route=\/wp\/v2\/posts\/5307\/revisions"}],"wp:attachment":[{"href":"https:\/\/grupotiempodigital.com.ar\/index.php?rest_route=%2Fwp%2Fv2%2Fmedia&parent=5307"}],"wp:term":[{"taxonomy":"category","embeddable":true,"href":"https:\/\/grupotiempodigital.com.ar\/index.php?rest_route=%2Fwp%2Fv2%2Fcategories&post=5307"},{"taxonomy":"post_tag","embeddable":true,"href":"https:\/\/grupotiempodigital.com.ar\/index.php?rest_route=%2Fwp%2Fv2%2Ftags&post=5307"}],"curies":[{"name":"wp","href":"https:\/\/api.w.org\/{rel}","templated":true}]}}