{"id":5292,"date":"2014-12-05T16:27:30","date_gmt":"2014-12-05T19:27:30","guid":{"rendered":"http:\/\/grupotiempodigital.com.ar\/?p=5292"},"modified":"2014-12-05T18:05:31","modified_gmt":"2014-12-05T21:05:31","slug":"al-herirse-de-manera-insolita-con-un-cuchillo-enluta-a-todo-el-pueblo-ranchero-la-muerte-de-juan-e-aristizabal-de-solo-14-anos-de-edad","status":"publish","type":"post","link":"https:\/\/grupotiempodigital.com.ar\/?p=5292","title":{"rendered":"Al herirse de manera ins\u00f3lita con un cuchillo: Enluta a todo el pueblo ranchero la muerte de Juan E. Aristizabal de solo 14 a\u00f1os de edad"},"content":{"rendered":"<p><a href=\"https:\/\/grupotiempodigital.com.ar\/?attachment_id=5293\" rel=\"attachment wp-att-5293\"><img loading=\"lazy\" decoding=\"async\" src=\"https:\/\/grupotiempodigital.com.ar\/wp-content\/uploads\/2014\/12\/Esteban.jpg\" alt=\"\" title=\"Esteban\" width=\"149\" height=\"297\" class=\"alignleft size-full wp-image-5293\" \/><\/a>Alrededor de las 0,30 Hs. de ayer, cuando finalizaba una jornada en la que hab\u00eda estado compartiendo actividades que tanto le gustaban como la de trabajar con animales y en las horas previas a un gran remate de vacunos en Brandsen, Juan Esteban Aristizabal, hijo de Juan Ignacio \u00abcarita\u00bb Aristizabal, conocido asador ranchero y actualmente concejal que se est\u00e1 recuperando de una grave enfermedad que lo afect\u00f3 hace largos meses, se aprestaba a dormir junto con algunos amigos en la finca \u00bb Los Ar\u00e1ndanos\u00bb ubicada en el Km, 3,5 de la ruta 29 cerca de las instalaciones de la S. Rural de Brandsen, cuando al \u00abtirarse\u00bb en la cama donde hab\u00eda apoyado un peque\u00f1o bolso con algunas pertenencias, se clav\u00f3 un cuchillo que, sin vaina, hab\u00eda guardado en el.-<br \/>\nEn una verdadera sumatoria de desgracias, el cuchillo habr\u00eda ingresado por su espalda y llegado a afectado su sistema coronario. Atendido por una ambulancia con m\u00e9dico del hospital de Brandsen, lleg\u00f3 con vida al hospital de Romero alrededor de la 01,30 Hs y tras un esforzado intento por salvarle la vida, muri\u00f3 pasadas las 02 Hs, seg\u00fan el testimonio brindado a este medio por Sub Crio Ariel Anibal Alvarez jefe de la estaci\u00f3n comunal Brandsen.-  Sus restos comenzaban a ser velados al anochecer de la v\u00edspera y ser\u00e1n inhumados a las 09,30 Hs de hoy en medio de un clima de dolor que afecta a toda la comunidad.<br \/>\nDe familia acostumbrada al campo, a los animales, sus costumbres y su actividad, con solo 14 a\u00f1os, \u00abjuani\u00bb cursaba el secundario en el Instituto Sagrado Coraz\u00f3n y gran parte del resto de su tiempo lo dedicaba a compartir los grandes asados que comandaban su padre y su t\u00edo Mart\u00edn (Los Caritas) y a otros amigos siempre ligado a los animales. El jueves se fue a Brandsen con otros chicos y algunos adultos para la gran fiesta de un remate aniversario con 4.000 cabezas de una conocida firma consignataria. En la rural pasaron gran parte del d\u00eda y ten\u00edan asegurado el descanso en una chacra conocida como \u00ab Los Ar\u00e1ndanos\u00bb que les prestaban para pasar la noche. \u00ab A las 0,30 recibi\u00f3 el pedido de auxilio el hospital y una ambulancia con un m\u00e9dico lleg\u00f3 al lugar, donde encontraron a Juan Esteban Aristizabal en grav\u00edsimo estado por una herida causada por un cuchillo, aparentemente guardado en un bolso que apoy\u00f3 en la cama y sobre el cual se acost\u00f3\u00bb dijo en La palabra fm el Subcomisario Alvarez de la comunal de Brandsen ayer.- Siempre de acuerdo al relato del jefe policial, ante la gravedad del caso, el m\u00e9dico decidi\u00f3 comunicar el caso y partir directo a Ro-mero donde era esperado por un  cuerpo m\u00e9dico y el quir\u00f3fano listo para intentar salvarle la vida, para lo cual hubo una intervenci\u00f3n, pero poco despu\u00e9s ya en terapia intensiva juani falleci\u00f3.-<br \/>\n\u00abLa muerte ocurri\u00f3 pasadas las dos de la ma\u00f1ana y nosotros oficialmente tomamos conocimiento del caso a las 04 Hs. cuando el m\u00e9dico regres\u00f3 de Romero y se present\u00f3 a hacer la denuncia. Concurrimos al lugar, con peritos y cient\u00edfica y hoy (por ayer) estamos completando las actuaciones que son caratuladas \u00ab investigaci\u00f3n causal de muerte\u00bb &#8211; dijo el subcomisario -, aunque prima facie puedo estimar que se trat\u00f3 de un accidente fatal, sin que deban descartarse otras hip\u00f3tesis\u00bb.,-<\/p>\n<h3><strong>Sucesi\u00f3n de malos momentos<\/strong>,<\/h3>\n<p>La familia Aristizabal viene siendo golpeada por la fatalidad desde hace largo tiempo. Hace algunos a\u00f1os, Mart\u00edn ( t\u00edo del chico fallecido ) protagoniz\u00f3 un grav\u00edsimo accidente automovil\u00edstico cuando acompa\u00f1aba a su amigo Alexis Villar que muri\u00f3 en el mismo. Tanto \u00e9l como su hermano sufrieron mucho la muerte muy dolorosa tras prolongada enfermedad de su padre Hugo y en setiembre un ACV afect\u00f3 a Juan Ignacio ( el padre este chico ) del que por cierto a\u00fan no est\u00e1 totalmente recuperado. \u00ab Me avisaron a mi y la verdad tuve que pensar como dec\u00edrselo a mi cu\u00f1ada ( Vanina Andrade) y sobre todo a mi hermano&#8230;.\u00bb nos dijo ayer Mart\u00edn, el hermano que viene cargando gran parte de este pesado presente.<br \/>\n\u00ab No podemos a\u00fan asumirlo. Estamos destru\u00eddos y hay que pensar en Juan, su pap\u00e1\u00bb dice Gast\u00f3n Guattini el presidente del bloque de concejales del F.p\/ la Victoria, que tambi\u00e9n ha sufrido este a\u00f1o en carne propia con el grave accidente de su madre (tambi\u00e9n concejal del bloque) Marta, que a\u00fan se est\u00e1 recuperando del mismo.-<br \/>\n\u00abNo podemos buscarle explicaci\u00f3n alguna: si hay un destino que nos marca, a juani el destino lo estaba esperando\u00bb reflexion\u00f3 buscando resignaci\u00f3n su t\u00edo Mart\u00edn.-<br \/>\nTras el velatorio de anoche, sus restos ser\u00e1n trasladados al cementerio de Ranchos a las 9 y 30 Hs de hoy.-<\/p>\n<p>(escuchar audio Subcomisario Alvarez Brandsen)<br \/>\n<object id=\"player3823205\" width=\"240\" height=\"133\" type=\"application\/x-shockwave-flash\" data=\"http:\/\/www.ivoox.com\/playerivoox_ee_3823205_1.html\"><param name=\"movie\" value=\"http:\/\/www.ivoox.com\/playerivoox_ee_3823205_1.html\"><\/param><param name=\"AllowScriptAccess\" value=\"always\"><\/param><param name=\"allowFullScreen\" value=\"true\"><\/param><param name=\"wmode\" value=\"transparent\"><\/param><embed src=\"http:\/\/www.ivoox.com\/playerivoox_ee_3823205_1.html\" type=\"application\/x-shockwave-flash\" allowfullscreen=\"true\" wmode=\"transparent\" allowscriptaccess=\"always\" width=\"240\" height=\"133\"><\/embed><\/object><\/p>\n<p>(escuchar audio Concejal Gast\u00f3n Guattini)<br \/>\n<object id=\"player3823156\" width=\"240\" height=\"133\" type=\"application\/x-shockwave-flash\" data=\"http:\/\/www.ivoox.com\/playerivoox_ee_3823156_1.html\"><param name=\"movie\" value=\"http:\/\/www.ivoox.com\/playerivoox_ee_3823156_1.html\"><\/param><param name=\"AllowScriptAccess\" value=\"always\"><\/param><param name=\"allowFullScreen\" value=\"true\"><\/param><param name=\"wmode\" value=\"transparent\"><\/param><embed src=\"http:\/\/www.ivoox.com\/playerivoox_ee_3823156_1.html\" type=\"application\/x-shockwave-flash\" allowfullscreen=\"true\" wmode=\"transparent\" allowscriptaccess=\"always\" width=\"240\" height=\"133\"><\/embed><\/object><\/p>\n","protected":false},"excerpt":{"rendered":"<p>Alrededor de las 0,30 Hs. de ayer, cuando finalizaba una jornada en la que hab\u00eda estado compartiendo actividades que tanto<\/p>\n","protected":false},"author":3,"featured_media":5293,"comment_status":"open","ping_status":"open","sticky":false,"template":"","format":"standard","meta":{"colormag_page_container_layout":"default_layout","colormag_page_sidebar_layout":"default_layout","footnotes":""},"categories":[1],"tags":[],"class_list":["post-5292","post","type-post","status-publish","format-standard","has-post-thumbnail","hentry","category-actualidad"],"_links":{"self":[{"href":"https:\/\/grupotiempodigital.com.ar\/index.php?rest_route=\/wp\/v2\/posts\/5292","targetHints":{"allow":["GET"]}}],"collection":[{"href":"https:\/\/grupotiempodigital.com.ar\/index.php?rest_route=\/wp\/v2\/posts"}],"about":[{"href":"https:\/\/grupotiempodigital.com.ar\/index.php?rest_route=\/wp\/v2\/types\/post"}],"author":[{"embeddable":true,"href":"https:\/\/grupotiempodigital.com.ar\/index.php?rest_route=\/wp\/v2\/users\/3"}],"replies":[{"embeddable":true,"href":"https:\/\/grupotiempodigital.com.ar\/index.php?rest_route=%2Fwp%2Fv2%2Fcomments&post=5292"}],"version-history":[{"count":0,"href":"https:\/\/grupotiempodigital.com.ar\/index.php?rest_route=\/wp\/v2\/posts\/5292\/revisions"}],"wp:featuredmedia":[{"embeddable":true,"href":"https:\/\/grupotiempodigital.com.ar\/index.php?rest_route=\/wp\/v2\/media\/5293"}],"wp:attachment":[{"href":"https:\/\/grupotiempodigital.com.ar\/index.php?rest_route=%2Fwp%2Fv2%2Fmedia&parent=5292"}],"wp:term":[{"taxonomy":"category","embeddable":true,"href":"https:\/\/grupotiempodigital.com.ar\/index.php?rest_route=%2Fwp%2Fv2%2Fcategories&post=5292"},{"taxonomy":"post_tag","embeddable":true,"href":"https:\/\/grupotiempodigital.com.ar\/index.php?rest_route=%2Fwp%2Fv2%2Ftags&post=5292"}],"curies":[{"name":"wp","href":"https:\/\/api.w.org\/{rel}","templated":true}]}}