{"id":5286,"date":"2014-12-05T13:09:23","date_gmt":"2014-12-05T16:09:23","guid":{"rendered":"http:\/\/grupotiempodigital.com.ar\/?p=5286"},"modified":"2014-12-05T13:10:52","modified_gmt":"2014-12-05T16:10:52","slug":"comunicado-del-instituto-sagrado-corazon-se-suspeden-las-actividades-escolares-por-el-fallecimiento-del-alumnos-juan-esteban-aristizabal","status":"publish","type":"post","link":"https:\/\/grupotiempodigital.com.ar\/?p=5286","title":{"rendered":"Comunicado del Instituto Sagrado Coraz\u00f3n de Ranchos: Se suspenden las actividades escolares por el fallecimiento del alumno Juan Esteban Aristizabal"},"content":{"rendered":"<p>Con motivo del fallecimiento de Juan Esteban Aristizabal, alumno del Instituto Sagrado Coraz\u00f3n, sus autoridades comunican que en el d\u00eda de la fecha se suspenden las actividades escolares hasta el pr\u00f3ximo martes.<\/p>\n<p>Gerardo Dur\u00e1n. Director <\/p>\n","protected":false},"excerpt":{"rendered":"<p>Con motivo del fallecimiento de Juan Esteban Aristizabal, alumno del Instituto Sagrado Coraz\u00f3n, sus autoridades comunican que en el d\u00eda<\/p>\n","protected":false},"author":3,"featured_media":0,"comment_status":"open","ping_status":"open","sticky":false,"template":"","format":"standard","meta":{"colormag_page_container_layout":"default_layout","colormag_page_sidebar_layout":"default_layout","footnotes":""},"categories":[1],"tags":[],"class_list":["post-5286","post","type-post","status-publish","format-standard","hentry","category-actualidad"],"_links":{"self":[{"href":"https:\/\/grupotiempodigital.com.ar\/index.php?rest_route=\/wp\/v2\/posts\/5286","targetHints":{"allow":["GET"]}}],"collection":[{"href":"https:\/\/grupotiempodigital.com.ar\/index.php?rest_route=\/wp\/v2\/posts"}],"about":[{"href":"https:\/\/grupotiempodigital.com.ar\/index.php?rest_route=\/wp\/v2\/types\/post"}],"author":[{"embeddable":true,"href":"https:\/\/grupotiempodigital.com.ar\/index.php?rest_route=\/wp\/v2\/users\/3"}],"replies":[{"embeddable":true,"href":"https:\/\/grupotiempodigital.com.ar\/index.php?rest_route=%2Fwp%2Fv2%2Fcomments&post=5286"}],"version-history":[{"count":0,"href":"https:\/\/grupotiempodigital.com.ar\/index.php?rest_route=\/wp\/v2\/posts\/5286\/revisions"}],"wp:attachment":[{"href":"https:\/\/grupotiempodigital.com.ar\/index.php?rest_route=%2Fwp%2Fv2%2Fmedia&parent=5286"}],"wp:term":[{"taxonomy":"category","embeddable":true,"href":"https:\/\/grupotiempodigital.com.ar\/index.php?rest_route=%2Fwp%2Fv2%2Fcategories&post=5286"},{"taxonomy":"post_tag","embeddable":true,"href":"https:\/\/grupotiempodigital.com.ar\/index.php?rest_route=%2Fwp%2Fv2%2Ftags&post=5286"}],"curies":[{"name":"wp","href":"https:\/\/api.w.org\/{rel}","templated":true}]}}