{"id":5274,"date":"2014-12-04T21:44:19","date_gmt":"2014-12-05T00:44:19","guid":{"rendered":"http:\/\/grupotiempodigital.com.ar\/?p=5274"},"modified":"2014-12-05T08:32:23","modified_gmt":"2014-12-05T11:32:23","slug":"walter-borges-a-tiro-de-los-mejores-del-pais","status":"publish","type":"post","link":"https:\/\/grupotiempodigital.com.ar\/?p=5274","title":{"rendered":"Walter Borges: a tiro de los mejores del pa\u00eds"},"content":{"rendered":"<p>El ranchero Walter Borges (49) hace a\u00f1os que le dedica \u201ctodo el tiempo posible\u201d a su gran pasi\u00f3n que es el tiro al blanco desde el a\u00f1o 99 y desde el 2005 mucho mas intensamente\u201d dice. Integrante del equipo argentino que gan\u00f3 medalla de oro en los panamericanos de 2009 de Ecuador, ha participado en forma individual en dos mundiales y sue\u00f1a con el pr\u00f3ximo que se disputar\u00e1 en 2017 en Francia. En la ma\u00f1ana de este mi\u00e9rcoles dialog\u00f3 extensamente con las radios de TIEMPO ( 90.1 \/ 90.7 Mhz) y repas\u00f3 un tanto su ya extensa trayectoria.<br \/>\n\u201cDe chico me gustaba cazar perdices con mi padre y ya de adulto siempre me atrajo la pr\u00e1ctica de tiro al blanco. Comenc\u00e9 hace ya varios a\u00f1os a visitar alg\u00fan pol\u00edgono y al principio lo hac\u00eda con una pistola 45 y luego pas\u00e9 a la 9 mm\u201d le cuenta a los periodistas y a la audiencia de la regi\u00f3n. \u201cEn 2008 el mundial se hizo en Indonesia en la Isla de Bali. En armas de pu\u00f1o hay tres disciplinas que son armas originales , como salen de la caja, otra que es un arma modificada y una tercera que es como una f\u00f3rmula uno. Yo participo en la primera de ellas como salen de la caja\u201d agrega.<br \/>\nEn torno a ese mundial dice que \u201cla pas\u00e9 b\u00e1rbaro en un lugar fant\u00e1stico, pero con una temperatura alt\u00edsima. Hasta el quinto d\u00eda anduve bien, pero el en el \u00faltimo me ca\u00ed bastante y termin\u00e9 en el puesto cien mas o menos entre seiscientos\u201d relata Borges.<br \/>\nHabla luego del panamericano en Ecuador. \u201c Son los juegos de tiro, no los panamericanos de todo el deporte. La Argentina forma el equipo con los mejores cuatro tiradores de cada disciplina y tuve la suerte de estar entre ellos y ganar la medalla de oro con el equipo&#8230;.\u201d<br \/>\nEn el repaso, aparece el mundial de 2011 \u201c en el que la Argentina solo recibi\u00f3 14 plazas y entonces un mont\u00f3n nos quedamos afuera\u201d.<br \/>\nFinalmente lleg\u00f3 el mundial de Estaados Unidos (  Orlando) este a\u00f1o y \u201c aunque no logr\u00e9 estar en el equipo con los mejores cuatro, porque clasifiqu\u00e9 sexto, obtuve plaza para viajar y participar. Hice un muy buen mundial, pero me lesion\u00e9 el hombro Y aunque termin\u00e9 sentido pude completar el torneo lejos de los puestos que aspiraba\u201d.-<br \/>\nCuenta que estuvo tirando en torneos en Uruguay, Brasil, Chile y hasta en Aruba. \u201c Se hace muy dif\u00edcil porque es muy costoso y hay que hacerlo contra tiradores que disponen de mucho tiempo y mayor presupuesto. Yo en general lo hago una vez por semana y todos los s\u00e1bados tengo competencia. Los domingos es el d\u00eda que entreno y hasta hago cosas en mi casa en Ranchos voy y hago movimientos y otros ejercicios, por supuesto con el arma descargada. No crean que soy un loco que ando a los tiros&#8230;..\u201d<br \/>\nEn la parte final de la charla, habla de su confianza para el mundial de 2017 en Francia. \u201c Es que ya tendr\u00e9 los 50 a\u00f1os y competir\u00e9 contra otros rivales. Hasta por ah\u00ed pelear por ganar&#8230;.\u201d<br \/>\nAprovecha para agradecer a quienes siempre lo apoyaron, \u201clos que me llaman para alentarme\u201d y a todos los rancheros, mi pueblo al que siempre digo representar.<br \/>\nHace 10 d\u00edas dispar\u00f3 en eltorneo nacional de Mar del Plata, el mas importante del pa\u00eds y selectivo para Brasil 2015 junto con otras cuatro fechas en las que se determinar\u00e1 el equipo argentino y la delegaci\u00f3n. \u201c Qued\u00e9 noveno entre 200 participantes y si me recupero bien de la lesi\u00f3n que tengo tratar\u00e9 de lograr un lugar en esa delegaci\u00f3n\u201d<br \/>\nLos sue\u00f1os intactos de un hombre que hizo de este costoso y dificultoso deporte la gran paasi\u00f3n de su vida.<\/p>\n<p>(escuchar entrevista con Walter Borges)<br \/>\n<object id=\"player3813175\" width=\"240\" height=\"133\" type=\"application\/x-shockwave-flash\" data=\"http:\/\/www.ivoox.com\/playerivoox_ee_3813175_1.html\"><param name=\"movie\" value=\"http:\/\/www.ivoox.com\/playerivoox_ee_3813175_1.html\"><\/param><param name=\"AllowScriptAccess\" value=\"always\"><\/param><param name=\"allowFullScreen\" value=\"true\"><\/param><param name=\"wmode\" value=\"transparent\"><\/param><embed src=\"http:\/\/www.ivoox.com\/playerivoox_ee_3813175_1.html\" type=\"application\/x-shockwave-flash\" allowfullscreen=\"true\" wmode=\"transparent\" allowscriptaccess=\"always\" width=\"240\" height=\"133\"><\/embed><\/object><\/p>\n<p><a href=\"https:\/\/grupotiempodigital.com.ar\/?attachment_id=5276\" rel=\"attachment wp-att-5276\"><img loading=\"lazy\" decoding=\"async\" src=\"https:\/\/grupotiempodigital.com.ar\/wp-content\/uploads\/2014\/12\/BORGES-WALTER-1.jpg\" alt=\"\" title=\"BORGES WALTER 1\" width=\"388\" height=\"196\" class=\"alignleft size-full wp-image-5276\" srcset=\"https:\/\/grupotiempodigital.com.ar\/wp-content\/uploads\/2014\/12\/BORGES-WALTER-1.jpg 388w, https:\/\/grupotiempodigital.com.ar\/wp-content\/uploads\/2014\/12\/BORGES-WALTER-1-300x151.jpg 300w\" sizes=\"auto, (max-width: 388px) 100vw, 388px\" \/><\/a><\/p>\n","protected":false},"excerpt":{"rendered":"<p>El ranchero Walter Borges (49) hace a\u00f1os que le dedica \u201ctodo el tiempo posible\u201d a su gran pasi\u00f3n que es<\/p>\n","protected":false},"author":3,"featured_media":5275,"comment_status":"open","ping_status":"open","sticky":false,"template":"","format":"standard","meta":{"colormag_page_container_layout":"default_layout","colormag_page_sidebar_layout":"default_layout","footnotes":""},"categories":[5],"tags":[],"class_list":["post-5274","post","type-post","status-publish","format-standard","has-post-thumbnail","hentry","category-deportivas"],"_links":{"self":[{"href":"https:\/\/grupotiempodigital.com.ar\/index.php?rest_route=\/wp\/v2\/posts\/5274","targetHints":{"allow":["GET"]}}],"collection":[{"href":"https:\/\/grupotiempodigital.com.ar\/index.php?rest_route=\/wp\/v2\/posts"}],"about":[{"href":"https:\/\/grupotiempodigital.com.ar\/index.php?rest_route=\/wp\/v2\/types\/post"}],"author":[{"embeddable":true,"href":"https:\/\/grupotiempodigital.com.ar\/index.php?rest_route=\/wp\/v2\/users\/3"}],"replies":[{"embeddable":true,"href":"https:\/\/grupotiempodigital.com.ar\/index.php?rest_route=%2Fwp%2Fv2%2Fcomments&post=5274"}],"version-history":[{"count":0,"href":"https:\/\/grupotiempodigital.com.ar\/index.php?rest_route=\/wp\/v2\/posts\/5274\/revisions"}],"wp:featuredmedia":[{"embeddable":true,"href":"https:\/\/grupotiempodigital.com.ar\/index.php?rest_route=\/wp\/v2\/media\/5275"}],"wp:attachment":[{"href":"https:\/\/grupotiempodigital.com.ar\/index.php?rest_route=%2Fwp%2Fv2%2Fmedia&parent=5274"}],"wp:term":[{"taxonomy":"category","embeddable":true,"href":"https:\/\/grupotiempodigital.com.ar\/index.php?rest_route=%2Fwp%2Fv2%2Fcategories&post=5274"},{"taxonomy":"post_tag","embeddable":true,"href":"https:\/\/grupotiempodigital.com.ar\/index.php?rest_route=%2Fwp%2Fv2%2Ftags&post=5274"}],"curies":[{"name":"wp","href":"https:\/\/api.w.org\/{rel}","templated":true}]}}