{"id":5266,"date":"2014-12-04T18:45:12","date_gmt":"2014-12-04T21:45:12","guid":{"rendered":"http:\/\/grupotiempodigital.com.ar\/?p=5266"},"modified":"2014-12-17T18:22:33","modified_gmt":"2014-12-17T21:22:33","slug":"m-muscarello-el-19-pasa-el-primer-tren-a-m-del-plata-por-la-nueva-traza-con-u-x-ch-nunca-tuvimos-relacion-alguna-y-no-los-entiendo","status":"publish","type":"post","link":"https:\/\/grupotiempodigital.com.ar\/?p=5266","title":{"rendered":"M. Muscarello: \u201c El 19 pasa el primer tren a M.del Plata por la nueva traza (&#8230;.).- Con U x Ch nunca tuvimos relaci\u00f3n alguna y no los entiendo&#8230;.\u201d"},"content":{"rendered":"<p>&#8211; Anunci\u00f3 la obra de la estacion en un plazo de 90 dias, la visita de la Adm. De Vialidad para anunciar el puente del acceso norte y la visita de A. Kirchner para el jueves 18. Afirm\u00f3 que hubo intento de desestabilizaci\u00f3n del gobierno municipal &#8211;<\/p>\n<p>En una entrevista en la ma\u00f1ana de este jueves en Libres del Sur fm (90.1 Mhz), Marcelo Muscarello, presidente del Justicialismo\/Frente para la Victoria de Chascom\u00fas y tambi\u00e9n Funcionario del Ministerio de Desarrollo Social de la Naci\u00f3n, anunci\u00f3 importantes avances para Chascom\u00fas . \u201cTodas primicias que te estoy dando\u201d le dijo al director del medio Ruben Martinez.-<br \/>\n\u201cEl primer tren a Mar del Plata con el nuevo trazado se realizar\u00e1 el d\u00eda 19 de Diciembre con la presencia del Ministro F. Randazzo y casi seguramente una teleconferencia con la Presidenta de la Naci\u00f3n al finalizar el viaje\u201d. En otro adelanto acot\u00f3: \u201cSe concret\u00f3 la adjudicaci\u00f3n de la Licitaci\u00f3n para la nueva Estaci\u00f3n Ferroautomotor.  La obra demandar\u00e1 una inversi\u00f3n de $ 17.000.000 y un plazo de obra de 90 d\u00edas corridos, lo que obligar\u00e1 a trabajar seguramente domingos y feriados&#8230;.\u201d acot\u00f3 el entrevistado.<br \/>\nNo qued\u00f3 en eso el manojo de anuncios de Muscarello.<br \/>\n \u201c D\u00edas pasados nos entrevistamos con el titular de la Administraci\u00f3n de Infraestructura Ferroviaria (ADIF) Ariel Franetovich y el presidente de Servicios Ferroviarios, sociedad del estado, ( SOFSE ) un grupo de dirigentes conformadospor el presidente del bloque Gabriel Macchi, la concejal Mariela Moscarela, el asesor provincial Juan P. Odera y yo y fue all\u00ed donde nos confirmaron estos datos\u201d abund\u00f3.- \u201c Hasta que se termine la nueva estaci\u00f3n, el servicio ferroviaro nuevo de Constituci\u00f3n a Chascom\u00fas que tendr\u00e1 servicios todos los d\u00edas utilizar\u00e1 la actual estaci\u00f3n de la calle Belgrano&#8230;.\u201d<\/p>\n<p>ANUNCIAN EL PUENTE EN EL ACCESO<br \/>\nFue en la misma entrevista donde Muscarello dio datos precisos sobre la obra de la nueva traza.- \u201c Pr\u00f3ximamente estar\u00e1 en Chascom\u00fas la Administradora de Vialidad Provincial, Ing. Patricia Tombesi para anunciar el cruce ferroviario del acceso norte que en una segunda etapa incluir\u00e1 un puente sobre nivel con cuatro carriles, tal como est\u00e1 proyectado dicho acceso&#8230;..\u201d<br \/>\nY para completar las novedades, el hombre que piensa en el principal despacho del municipio para 2015, adelant\u00f3: \u201cEl pr\u00f3ximo jueves 18 estar\u00e1 en Chascom\u00fas para inaugurar las obras del club Deportivo la ministra Alicia Kirchner. En la oportunidad har\u00e1 entrega de $ 745.000  para el club Tiro Federal y alrededor de $ 80.000 para la Orquesta Escuela&#8230;..\u201d<br \/>\nAnte estos anuncios, Muscarello fue consultado sobre la relaci\u00f3n entre su partido y el gobierno municipal. \u201c\u00bf Cada uno hace por separado?\u201d.- \u201c Ocurre que el municipio en algunas cosas no gestiona o parece superado. En pol\u00edtica si alguien deja cosas por hacer o vac\u00edos, alguien hace esas cosas y otro ocupa ese lugar\u201d a\u00f1adi\u00f3 Muscarello que sin embargo aclar\u00f3: \u201c Pero tenemos una relaci\u00f3n institucional como corresponde a trav\u00e9s de nuestro bloque de concejales. En algunas cosas trabajamos juntos o acompa\u00f1amos. En otras apuramos la gesti\u00f3n\u201d.<\/p>\n<p>CON UXCH NO TENEMOS RELACION ALGUNA&#8230;&#8230;<br \/>\nLlegado el tema estrictamente pol\u00edtico, la consulta pas\u00f3 por la reciente decisi\u00f3n de Unidad x Chascom\u00fas de habilitar negociaciones con otras fuerzas pol\u00edticas. \u201c Nosotros no tenemos nada que ver con eso y ademas no tenemos relaci\u00f3n alguna con esa fuerza (&#8230;.), alguna vez terciaron en las elecciones en Chascom\u00fas, pero en las \u00faltimas entraron cuartos&#8230;&#8230;\u201d ( acept\u00f3 luego la correcci\u00f3n de terceros). \u201c He le\u00eddo los otros d\u00edas en el diario El Fuerte declaraciones de Del Cerro donde dice que quieren hacer una alianza que finaliza el 27 de octubre a la noche. La verdad, no creo que nadie arregle un acuerdo as\u00ed. Ellos dicen: denme vuestros votos en las urnas y listo&#8230;.\u201d<br \/>\nNi siquiera la menci\u00f3n period\u00edstica al acuerdo que llev\u00f3 a la presidencia del HCD a Oscar Ruiz le hizo cambiar de opini\u00f3n. \u201c Yo desconozco que alguna vez haya habido alg\u00fan acuerdo. Aquello fue hace cuatro a\u00f1os y hoy es hoy. Lo de Unidad no lo puedo entender: les da lo mismo hacer un acuerdo con nosotros ocon la derecha de Massa. Todo es igual para ellos. Naturalmente que no tenemos nada que hablar&#8230;.\u201d<br \/>\nPero fue mas lejos en un pasaje Muscarello, cuando dej\u00f3 entrever que \u201chace algunos d\u00edas, cuando desde Unidad X Chascom\u00fas pretendieron cargar fuerte contra el intendente, nosotros nos pusimos del lado de la gobernabilidad y si bien pedimos que se corrigieran algunas cosas y se informara de otras, nosotros defenderemos siempre las instituciones&#8230;.\u201d<br \/>\nAcept\u00f3 su deseo de ser intendente de Chascom\u00fas. \u201c \u00bf Conoc\u00e9s a alguien que act\u00fae en pol\u00edtica y no quiera serlo?\u201d dijo y cuando se le sugiri\u00f3 la posibilidad de Scioli presidente- Randazzo gobernador, dijo: \u201c No me disgusta&#8230;.\u201d<br \/>\nLa menci\u00f3n a Unidad X Chascom\u00fas fue tan fuerte, que el director radial lo consult\u00f3 si estar\u00eda dispuesto a mantener un debate sobre la cuesti\u00f3n en vivo en la radio con un dirigente de ese espacio. \u201c Me encantar\u00eda. Espero que puedas concretarlo y ah\u00ed me tendr\u00e1s\u201d.-<br \/>\nVale la pena escuchar la entrevista en su totalidad.<\/p>\n<p>(escuchar entrevista con Marcelo Muscarello)<br \/>\n<object id=\"player3817394\" width=\"240\" height=\"133\" type=\"application\/x-shockwave-flash\" data=\"http:\/\/www.ivoox.com\/playerivoox_ee_3817394_1.html\"><param name=\"movie\" value=\"http:\/\/www.ivoox.com\/playerivoox_ee_3817394_1.html\"><\/param><param name=\"AllowScriptAccess\" value=\"always\"><\/param><param name=\"allowFullScreen\" value=\"true\"><\/param><param name=\"wmode\" value=\"transparent\"><\/param><embed src=\"http:\/\/www.ivoox.com\/playerivoox_ee_3817394_1.html\" type=\"application\/x-shockwave-flash\" allowfullscreen=\"true\" wmode=\"transparent\" allowscriptaccess=\"always\" width=\"240\" height=\"133\"><\/embed><\/object><\/p>\n<p><a href=\"https:\/\/grupotiempodigital.com.ar\/?attachment_id=5267\" rel=\"attachment wp-att-5267\"><img loading=\"lazy\" decoding=\"async\" src=\"https:\/\/grupotiempodigital.com.ar\/wp-content\/uploads\/2014\/12\/Muscarello.jpg\" alt=\"\" title=\"Muscarello\" width=\"334\" height=\"500\" class=\"alignleft size-full wp-image-5267\" srcset=\"https:\/\/grupotiempodigital.com.ar\/wp-content\/uploads\/2014\/12\/Muscarello.jpg 334w, https:\/\/grupotiempodigital.com.ar\/wp-content\/uploads\/2014\/12\/Muscarello-200x300.jpg 200w\" sizes=\"auto, (max-width: 334px) 100vw, 334px\" \/><\/a><\/p>\n","protected":false},"excerpt":{"rendered":"<p>&#8211; Anunci\u00f3 la obra de la estacion en un plazo de 90 dias, la visita de la Adm. De Vialidad<\/p>\n","protected":false},"author":3,"featured_media":5267,"comment_status":"open","ping_status":"open","sticky":false,"template":"","format":"standard","meta":{"colormag_page_container_layout":"default_layout","colormag_page_sidebar_layout":"default_layout","footnotes":""},"categories":[1],"tags":[],"class_list":["post-5266","post","type-post","status-publish","format-standard","has-post-thumbnail","hentry","category-actualidad"],"_links":{"self":[{"href":"https:\/\/grupotiempodigital.com.ar\/index.php?rest_route=\/wp\/v2\/posts\/5266","targetHints":{"allow":["GET"]}}],"collection":[{"href":"https:\/\/grupotiempodigital.com.ar\/index.php?rest_route=\/wp\/v2\/posts"}],"about":[{"href":"https:\/\/grupotiempodigital.com.ar\/index.php?rest_route=\/wp\/v2\/types\/post"}],"author":[{"embeddable":true,"href":"https:\/\/grupotiempodigital.com.ar\/index.php?rest_route=\/wp\/v2\/users\/3"}],"replies":[{"embeddable":true,"href":"https:\/\/grupotiempodigital.com.ar\/index.php?rest_route=%2Fwp%2Fv2%2Fcomments&post=5266"}],"version-history":[{"count":0,"href":"https:\/\/grupotiempodigital.com.ar\/index.php?rest_route=\/wp\/v2\/posts\/5266\/revisions"}],"wp:featuredmedia":[{"embeddable":true,"href":"https:\/\/grupotiempodigital.com.ar\/index.php?rest_route=\/wp\/v2\/media\/5267"}],"wp:attachment":[{"href":"https:\/\/grupotiempodigital.com.ar\/index.php?rest_route=%2Fwp%2Fv2%2Fmedia&parent=5266"}],"wp:term":[{"taxonomy":"category","embeddable":true,"href":"https:\/\/grupotiempodigital.com.ar\/index.php?rest_route=%2Fwp%2Fv2%2Fcategories&post=5266"},{"taxonomy":"post_tag","embeddable":true,"href":"https:\/\/grupotiempodigital.com.ar\/index.php?rest_route=%2Fwp%2Fv2%2Ftags&post=5266"}],"curies":[{"name":"wp","href":"https:\/\/api.w.org\/{rel}","templated":true}]}}