{"id":5262,"date":"2014-12-04T18:34:35","date_gmt":"2014-12-04T21:34:35","guid":{"rendered":"http:\/\/grupotiempodigital.com.ar\/?p=5262"},"modified":"2014-12-04T18:34:35","modified_gmt":"2014-12-04T21:34:35","slug":"informa-la-secretaria-de-salud-de-general-paz-presencia-de-falsas-serpientes-yarara","status":"publish","type":"post","link":"https:\/\/grupotiempodigital.com.ar\/?p=5262","title":{"rendered":"Informa la Secretar\u00eda de Salud de General Paz: Presencia de Falsas Serpientes Yarar\u00e1"},"content":{"rendered":"<p>En los \u00faltimos meses hemos recibido informaci\u00f3n de la presencia de serpientes, no habituales, en zonas rurales que han generado cierta preocupaci\u00f3n en los vecinos de Loma Verde. Recientemente, un ejemplar con vida, fue remitido al  \u00abCarlos G. Malbr\u00e1n\u00bb \u00ab\u00c1rea de Investigaci\u00f3n y Desarrollo \/ Serpentario\u00bb de la Ciudad de Buenos Aires, desde donde se nos informo que se trata de una Falsa Yarar\u00e1 \u00f1ata (Xenodon Dorbignyi), la cual es totalmente inofensiva.<br \/>\nUna caracter\u00edstica distintiva de esta especie, no venenosa, que la diferencia de la yarar\u00e1 verdadera, es que posee una coloraci\u00f3n ventral (panza) roja, desde el medio cuerpo hasta el extremo de la cola, donde el rojo se acent\u00faa aun mas.<br \/>\nLinks para mayor informaci\u00f3n general:<br \/>\nwww.anlis.gov.ar.<br \/>\nwww.msal.gov.ar\/ redartox.<br \/>\nwww.ofidismo.4t.com.<br \/>\nwww.cepis.ops-oms.org.<br \/>\nwww.butantan.gov.br.<br \/>\nwww.botucatu.gov.br. <\/p>\n<p>(foto falsa Yarar\u00e1)<\/p>\n<p><a href=\"https:\/\/grupotiempodigital.com.ar\/?attachment_id=5263\" rel=\"attachment wp-att-5263\"><img loading=\"lazy\" decoding=\"async\" src=\"https:\/\/grupotiempodigital.com.ar\/wp-content\/uploads\/2014\/12\/Yarara.jpg\" alt=\"\" title=\"Yarara\" width=\"388\" height=\"209\" class=\"alignright size-full wp-image-5263\" srcset=\"https:\/\/grupotiempodigital.com.ar\/wp-content\/uploads\/2014\/12\/Yarara.jpg 388w, https:\/\/grupotiempodigital.com.ar\/wp-content\/uploads\/2014\/12\/Yarara-300x161.jpg 300w\" sizes=\"auto, (max-width: 388px) 100vw, 388px\" \/><\/a><\/p>\n","protected":false},"excerpt":{"rendered":"<p>En los \u00faltimos meses hemos recibido informaci\u00f3n de la presencia de serpientes, no habituales, en zonas rurales que han generado<\/p>\n","protected":false},"author":3,"featured_media":5263,"comment_status":"open","ping_status":"open","sticky":false,"template":"","format":"standard","meta":{"colormag_page_container_layout":"default_layout","colormag_page_sidebar_layout":"default_layout","footnotes":""},"categories":[1],"tags":[],"class_list":["post-5262","post","type-post","status-publish","format-standard","has-post-thumbnail","hentry","category-actualidad"],"_links":{"self":[{"href":"https:\/\/grupotiempodigital.com.ar\/index.php?rest_route=\/wp\/v2\/posts\/5262","targetHints":{"allow":["GET"]}}],"collection":[{"href":"https:\/\/grupotiempodigital.com.ar\/index.php?rest_route=\/wp\/v2\/posts"}],"about":[{"href":"https:\/\/grupotiempodigital.com.ar\/index.php?rest_route=\/wp\/v2\/types\/post"}],"author":[{"embeddable":true,"href":"https:\/\/grupotiempodigital.com.ar\/index.php?rest_route=\/wp\/v2\/users\/3"}],"replies":[{"embeddable":true,"href":"https:\/\/grupotiempodigital.com.ar\/index.php?rest_route=%2Fwp%2Fv2%2Fcomments&post=5262"}],"version-history":[{"count":0,"href":"https:\/\/grupotiempodigital.com.ar\/index.php?rest_route=\/wp\/v2\/posts\/5262\/revisions"}],"wp:featuredmedia":[{"embeddable":true,"href":"https:\/\/grupotiempodigital.com.ar\/index.php?rest_route=\/wp\/v2\/media\/5263"}],"wp:attachment":[{"href":"https:\/\/grupotiempodigital.com.ar\/index.php?rest_route=%2Fwp%2Fv2%2Fmedia&parent=5262"}],"wp:term":[{"taxonomy":"category","embeddable":true,"href":"https:\/\/grupotiempodigital.com.ar\/index.php?rest_route=%2Fwp%2Fv2%2Fcategories&post=5262"},{"taxonomy":"post_tag","embeddable":true,"href":"https:\/\/grupotiempodigital.com.ar\/index.php?rest_route=%2Fwp%2Fv2%2Ftags&post=5262"}],"curies":[{"name":"wp","href":"https:\/\/api.w.org\/{rel}","templated":true}]}}