{"id":5257,"date":"2014-12-03T18:21:22","date_gmt":"2014-12-03T21:21:22","guid":{"rendered":"http:\/\/grupotiempodigital.com.ar\/?p=5257"},"modified":"2014-12-03T18:21:22","modified_gmt":"2014-12-03T21:21:22","slug":"acondicionamiento-del-edificio-que-ocupara-la-fiscalia-de-chascomus","status":"publish","type":"post","link":"https:\/\/grupotiempodigital.com.ar\/?p=5257","title":{"rendered":"ACONDICIONAMIENTO DEL EDIFICIO QUE  OCUPARA LA FISCALIA DE CHASCOMUS"},"content":{"rendered":"<p>Hace saber la Municipalidad de Chascom\u00fas que por indicaci\u00f3n del Intendente Municipal, se est\u00e1 acondicionando un sector del edificio ubicado en Moreno y Mendoza, con la finalidad de adecuarlo a las necesidades de funcionamiento de la Fiscal\u00eda de Chascom\u00fas.<\/p>\n<p>Se trata del ala Sur del edificio, con frente a la calle Moreno y que cuenta con dependencias que en la actualidad est\u00e1n siendo objeto de acondicionamiento el\u00e9ctrico, de instalaciones generales y el repintado del lugar, en virtud que se estima por parte de las autoridades judiciales la inauguraci\u00f3n del lugar para el pr\u00f3ximo 15 de diciembre.<\/p>\n<p>En el mismo estar\u00e1n presentes el Ministro de Seguridad de la Provincia de Buenos Aires, Alejandro Granados, y la Procuradora General, Dra. Mar\u00eda del Carmen Falbo, que acompa\u00f1ar\u00e1n al Intendente Municipal de Chascom\u00fas, Cdor. Juan A. Gobbi, contempl\u00e1ndose en ese acto la toma de juramento por parte de la Fiscal de Chascom\u00fas, Dra. Daniela Bertoletti Tramuja, que cumplir\u00e1 su funci\u00f3n en jurisdicci\u00f3n del Juzgado de Garant\u00edas de Chascom\u00fas, del Departamento Judicial de Dolores.<br \/>\n(Informaci\u00f3n del bolet\u00edn de prensa municipal del d\u00eda 03-12-2014)<\/p>\n<p><a href=\"https:\/\/grupotiempodigital.com.ar\/?attachment_id=5258\" rel=\"attachment wp-att-5258\"><img loading=\"lazy\" decoding=\"async\" src=\"https:\/\/grupotiempodigital.com.ar\/wp-content\/uploads\/2014\/12\/fiscalia.jpg\" alt=\"\" title=\"fiscalia\" width=\"388\" height=\"259\" class=\"alignright size-full wp-image-5258\" srcset=\"https:\/\/grupotiempodigital.com.ar\/wp-content\/uploads\/2014\/12\/fiscalia.jpg 388w, https:\/\/grupotiempodigital.com.ar\/wp-content\/uploads\/2014\/12\/fiscalia-300x200.jpg 300w\" sizes=\"auto, (max-width: 388px) 100vw, 388px\" \/><\/a><\/p>\n","protected":false},"excerpt":{"rendered":"<p>Hace saber la Municipalidad de Chascom\u00fas que por indicaci\u00f3n del Intendente Municipal, se est\u00e1 acondicionando un sector del edificio ubicado<\/p>\n","protected":false},"author":3,"featured_media":5258,"comment_status":"open","ping_status":"open","sticky":false,"template":"","format":"standard","meta":{"colormag_page_container_layout":"default_layout","colormag_page_sidebar_layout":"default_layout","footnotes":""},"categories":[1],"tags":[],"class_list":["post-5257","post","type-post","status-publish","format-standard","has-post-thumbnail","hentry","category-actualidad"],"_links":{"self":[{"href":"https:\/\/grupotiempodigital.com.ar\/index.php?rest_route=\/wp\/v2\/posts\/5257","targetHints":{"allow":["GET"]}}],"collection":[{"href":"https:\/\/grupotiempodigital.com.ar\/index.php?rest_route=\/wp\/v2\/posts"}],"about":[{"href":"https:\/\/grupotiempodigital.com.ar\/index.php?rest_route=\/wp\/v2\/types\/post"}],"author":[{"embeddable":true,"href":"https:\/\/grupotiempodigital.com.ar\/index.php?rest_route=\/wp\/v2\/users\/3"}],"replies":[{"embeddable":true,"href":"https:\/\/grupotiempodigital.com.ar\/index.php?rest_route=%2Fwp%2Fv2%2Fcomments&post=5257"}],"version-history":[{"count":0,"href":"https:\/\/grupotiempodigital.com.ar\/index.php?rest_route=\/wp\/v2\/posts\/5257\/revisions"}],"wp:featuredmedia":[{"embeddable":true,"href":"https:\/\/grupotiempodigital.com.ar\/index.php?rest_route=\/wp\/v2\/media\/5258"}],"wp:attachment":[{"href":"https:\/\/grupotiempodigital.com.ar\/index.php?rest_route=%2Fwp%2Fv2%2Fmedia&parent=5257"}],"wp:term":[{"taxonomy":"category","embeddable":true,"href":"https:\/\/grupotiempodigital.com.ar\/index.php?rest_route=%2Fwp%2Fv2%2Fcategories&post=5257"},{"taxonomy":"post_tag","embeddable":true,"href":"https:\/\/grupotiempodigital.com.ar\/index.php?rest_route=%2Fwp%2Fv2%2Ftags&post=5257"}],"curies":[{"name":"wp","href":"https:\/\/api.w.org\/{rel}","templated":true}]}}