{"id":5251,"date":"2014-12-03T16:45:58","date_gmt":"2014-12-03T19:45:58","guid":{"rendered":"http:\/\/grupotiempodigital.com.ar\/?p=5251"},"modified":"2014-12-04T12:06:07","modified_gmt":"2014-12-04T15:06:07","slug":"la-e-m-f-i-entrega-trofeos-y-despide-a-la-categoria-2001-y-se-inaugura-la-temporada-2014-2015-de-la-pileta-municipal","status":"publish","type":"post","link":"https:\/\/grupotiempodigital.com.ar\/?p=5251","title":{"rendered":"La E.M.F.I entrega trofeos, despide a la categor\u00eda 2001 y se inaugura la temporada 2014-2015 de la Pileta Municipal"},"content":{"rendered":"<p>Entrega de trofeos de la E.M.F.I<br \/>\nEl pr\u00f3ximo mi\u00e9rcoles 10 de diciembre a las 21 horas en el Gimnasio Mayor del C.E.F se llevar\u00e1 a cabo la entrega de trofeos a la Escuela Municipal de F\u00fatbol Infantil y se despedir\u00e1 a los integrantes de la Categor\u00eda 2001, quienes culminan una importante etapa en su joven vida deportiva.<br \/>\nApertura de la temporada 2014-2015 de la Pileta<br \/>\nEl s\u00e1bado 13 de diciembre a las 13,30 horas quedar\u00e1 inaugurada la Temporada 2014-2015 de la Pileta Municipal. Dicho acto contar\u00e1 con la presencia del Cura P\u00e1rroco para efectuar la correspondiente bendici\u00f3n de aguas.<\/p>\n","protected":false},"excerpt":{"rendered":"<p>Entrega de trofeos de la E.M.F.I El pr\u00f3ximo mi\u00e9rcoles 10 de diciembre a las 21 horas en el Gimnasio Mayor<\/p>\n","protected":false},"author":3,"featured_media":0,"comment_status":"open","ping_status":"open","sticky":false,"template":"","format":"standard","meta":{"colormag_page_container_layout":"default_layout","colormag_page_sidebar_layout":"default_layout","footnotes":""},"categories":[1],"tags":[],"class_list":["post-5251","post","type-post","status-publish","format-standard","hentry","category-actualidad"],"_links":{"self":[{"href":"https:\/\/grupotiempodigital.com.ar\/index.php?rest_route=\/wp\/v2\/posts\/5251","targetHints":{"allow":["GET"]}}],"collection":[{"href":"https:\/\/grupotiempodigital.com.ar\/index.php?rest_route=\/wp\/v2\/posts"}],"about":[{"href":"https:\/\/grupotiempodigital.com.ar\/index.php?rest_route=\/wp\/v2\/types\/post"}],"author":[{"embeddable":true,"href":"https:\/\/grupotiempodigital.com.ar\/index.php?rest_route=\/wp\/v2\/users\/3"}],"replies":[{"embeddable":true,"href":"https:\/\/grupotiempodigital.com.ar\/index.php?rest_route=%2Fwp%2Fv2%2Fcomments&post=5251"}],"version-history":[{"count":0,"href":"https:\/\/grupotiempodigital.com.ar\/index.php?rest_route=\/wp\/v2\/posts\/5251\/revisions"}],"wp:attachment":[{"href":"https:\/\/grupotiempodigital.com.ar\/index.php?rest_route=%2Fwp%2Fv2%2Fmedia&parent=5251"}],"wp:term":[{"taxonomy":"category","embeddable":true,"href":"https:\/\/grupotiempodigital.com.ar\/index.php?rest_route=%2Fwp%2Fv2%2Fcategories&post=5251"},{"taxonomy":"post_tag","embeddable":true,"href":"https:\/\/grupotiempodigital.com.ar\/index.php?rest_route=%2Fwp%2Fv2%2Ftags&post=5251"}],"curies":[{"name":"wp","href":"https:\/\/api.w.org\/{rel}","templated":true}]}}