{"id":5239,"date":"2014-12-02T17:26:31","date_gmt":"2014-12-02T20:26:31","guid":{"rendered":"http:\/\/grupotiempodigital.com.ar\/?p=5239"},"modified":"2014-12-17T18:23:51","modified_gmt":"2014-12-17T21:23:51","slug":"audiencia-en-el-hcd-de-chascomus-por-el-servicio-de-alumbrado-publico","status":"publish","type":"post","link":"https:\/\/grupotiempodigital.com.ar\/?p=5239","title":{"rendered":"Audiencia en el HCD de Chascom\u00fas por el servicio de Alumbrado P\u00fablico"},"content":{"rendered":"<p>El viernes 12 de diciembre a las 19 horas se llevar\u00e1 a cabo una Audiencia P\u00fablica en el recinto del Concejo Deliberante de Chascom\u00fas para recoger opiniones y seguramente reclamos por el servicio de Alumbrado. Por el tema habl\u00f3 en Libres del Sur fm ( 90.1 Mhz) en la ma\u00f1ana de este martes el concejal Oscar Ruiz, impulsor del tema. En la introducci\u00f3n, el ex presidente del cuerpo, antes de ingresar en la cuesti\u00f3n convocante acept\u00f3 que \u201c vamos a ganar las elecciones del a\u00f1o pr\u00f3ximo en Chascom\u00fas y despu\u00e9s vamos a ir a Ranchos a celebrar con un compa\u00f1ero como el \u201cvasco\u201d Veramendi\u201d.-<br \/>\n\u201cEn realidad es la segunda audiencia que realizaremos sobre este tema y tras la primera nos reunimos con los organismos de contralor y con el Defensor del Pueblo donde fuimos tratados de excelente forma y por cierto que muchas cosas mejoramos tras esa audiencia\u201d se\u00f1al\u00f3.-<br \/>\nFue Carlos Mellado el que lo consult\u00f3 sobre los reiterados cortes en el barrio Las Violetas.<br \/>\n\u201cSoy bastante vecino de ese barrio y conozco la magnitud de los cortes all\u00ed. Pero ahora tambi\u00e9n est\u00e1n los cortes que se registran en los barrios del norte de la ciudad que ya de por si son muy inconvenientes y que agregan cosas como la falta de agua cuando no hay energ\u00eda\u2026..\u201d<br \/>\n\u201cConozco lo que ocurre cuando hay que hacer un reclamo con hablar con una m\u00e1quina. Soy muy cr\u00edtico de los servicios y de las concesiones que se han hecho. Las empresas no cumplen con estas cosas. En otras si lo han hecho como los cambios de transformadores en La Esmeralda. Creo que hay que tener una nueva concepci\u00f3n de pol\u00edtica de servicios. Creo que las cosas deben ser distintas y que la ciudadan\u00eda tiene que ser part\u00edcipe de estas cuestiones.<br \/>\nHay que agregarle otros problemas como lo que generan las bajas tensiones, pero necesitamos mayor participaci\u00f3n de los vecinos\u201d agreg\u00f3.-<br \/>\n\u201cLa Audiencia se tiene que transcribir al igual que una sesi\u00f3n y realizar el acta. Y luego se eleva el acta al \u00f3rgano de contralor de la provincia de Buenos Aires y otra copia al \u00f3rgano que lo controla que es la defensor\u00eda del Pueblo. Hemos conseguido cosas en barrios como El Hueco, el Ipor\u00e1 y otros con cambios del tendido de cables y nos sentimos reconfortados. Incluso se comprometieron a un plan de bajada de l\u00edneas en la entrada de la ciudad y tengo entendido que eso tambi\u00e9n se cumpli\u00f3\u201d dijo Ruiz.-<br \/>\nAl final dijo que este tipo de audiencias podr\u00edan convocarse para otras empresas como telef\u00f3nicas.- Para participar este 12 de diciembre en la audiencia es imprescindible anotarse previamente en la presidencia del Concejo Deliberante.-<\/p>\n<p>( escuchar entrevista con Oscar Ruiz)<br \/>\n<object id=\"player3808009\" width=\"240\" height=\"133\" type=\"application\/x-shockwave-flash\" data=\"http:\/\/www.ivoox.com\/playerivoox_ee_3808009_1.html\"><param name=\"movie\" value=\"http:\/\/www.ivoox.com\/playerivoox_ee_3808009_1.html\"><\/param><param name=\"AllowScriptAccess\" value=\"always\"><\/param><param name=\"allowFullScreen\" value=\"true\"><\/param><param name=\"wmode\" value=\"transparent\"><\/param><embed src=\"http:\/\/www.ivoox.com\/playerivoox_ee_3808009_1.html\" type=\"application\/x-shockwave-flash\" allowfullscreen=\"true\" wmode=\"transparent\" allowscriptaccess=\"always\" width=\"240\" height=\"133\"><\/embed><\/object><\/p>\n<p><a href=\"https:\/\/grupotiempodigital.com.ar\/?attachment_id=5240\" rel=\"attachment wp-att-5240\"><img loading=\"lazy\" decoding=\"async\" src=\"https:\/\/grupotiempodigital.com.ar\/wp-content\/uploads\/2014\/12\/Ruiz.jpg\" alt=\"\" title=\"Ruiz\" width=\"388\" height=\"488\" class=\"alignright size-full wp-image-5240\" srcset=\"https:\/\/grupotiempodigital.com.ar\/wp-content\/uploads\/2014\/12\/Ruiz.jpg 388w, https:\/\/grupotiempodigital.com.ar\/wp-content\/uploads\/2014\/12\/Ruiz-238x300.jpg 238w\" sizes=\"auto, (max-width: 388px) 100vw, 388px\" \/><\/a><\/p>\n","protected":false},"excerpt":{"rendered":"<p>El viernes 12 de diciembre a las 19 horas se llevar\u00e1 a cabo una Audiencia P\u00fablica en el recinto del<\/p>\n","protected":false},"author":3,"featured_media":5240,"comment_status":"open","ping_status":"open","sticky":false,"template":"","format":"standard","meta":{"colormag_page_container_layout":"default_layout","colormag_page_sidebar_layout":"default_layout","footnotes":""},"categories":[1],"tags":[],"class_list":["post-5239","post","type-post","status-publish","format-standard","has-post-thumbnail","hentry","category-actualidad"],"_links":{"self":[{"href":"https:\/\/grupotiempodigital.com.ar\/index.php?rest_route=\/wp\/v2\/posts\/5239","targetHints":{"allow":["GET"]}}],"collection":[{"href":"https:\/\/grupotiempodigital.com.ar\/index.php?rest_route=\/wp\/v2\/posts"}],"about":[{"href":"https:\/\/grupotiempodigital.com.ar\/index.php?rest_route=\/wp\/v2\/types\/post"}],"author":[{"embeddable":true,"href":"https:\/\/grupotiempodigital.com.ar\/index.php?rest_route=\/wp\/v2\/users\/3"}],"replies":[{"embeddable":true,"href":"https:\/\/grupotiempodigital.com.ar\/index.php?rest_route=%2Fwp%2Fv2%2Fcomments&post=5239"}],"version-history":[{"count":0,"href":"https:\/\/grupotiempodigital.com.ar\/index.php?rest_route=\/wp\/v2\/posts\/5239\/revisions"}],"wp:featuredmedia":[{"embeddable":true,"href":"https:\/\/grupotiempodigital.com.ar\/index.php?rest_route=\/wp\/v2\/media\/5240"}],"wp:attachment":[{"href":"https:\/\/grupotiempodigital.com.ar\/index.php?rest_route=%2Fwp%2Fv2%2Fmedia&parent=5239"}],"wp:term":[{"taxonomy":"category","embeddable":true,"href":"https:\/\/grupotiempodigital.com.ar\/index.php?rest_route=%2Fwp%2Fv2%2Fcategories&post=5239"},{"taxonomy":"post_tag","embeddable":true,"href":"https:\/\/grupotiempodigital.com.ar\/index.php?rest_route=%2Fwp%2Fv2%2Ftags&post=5239"}],"curies":[{"name":"wp","href":"https:\/\/api.w.org\/{rel}","templated":true}]}}