{"id":5228,"date":"2014-12-02T16:01:32","date_gmt":"2014-12-02T19:01:32","guid":{"rendered":"http:\/\/grupotiempodigital.com.ar\/?p=5228"},"modified":"2014-12-02T17:35:17","modified_gmt":"2014-12-02T20:35:17","slug":"en-un-ano-el-hospital-campomar-de-ranchos-tiene-su-cuarto-director-leonardo-contreras","status":"publish","type":"post","link":"https:\/\/grupotiempodigital.com.ar\/?p=5228","title":{"rendered":"En un a\u00f1o, el hospital Campomar de Ranchos tiene su cuarto director: Leonardo Contreras"},"content":{"rendered":"<p>En un comunicado oficial, la municipalidad de General Paz dio a conocer la renuncia presentada a la direcci\u00f3n del Hospital Campomar por el Dr. Sergio P\u00e9rez con fecha 1\u00ba de noviembre, la asunci\u00f3n en su reemplazo del Dr. Jos\u00e9 Castro y la renuncia de \u00e9ste con fecha 27 de noviembre y la toma del cargo por parte del secretario de salud del municipio, Dr. Leonardo Contreras, quien accedi\u00f3 a dialogar con La palabra fm (90.7 Mhz) el martes pasado.<br \/>\n\u201cEs por todos conocido que el Dr. P\u00e9rez por problemas de salud, que por suerte ya est\u00e1 bien, ha tenido que resignar las tareas de mayor stress y no ha podido continuar con sus tareas al frente del hospital. Y en el caso del Dr. Castro nos ha dicho que razones personales le impiden seguir en la direcci\u00f3n. Por supuesto que siempre estoy siguiendo de cerca todo lo que pasa con el hospital y bueno, aunque sea de forma interina estoy de nuevo en esta direcci\u00f3n\u2026\u2026\u201d<br \/>\n\u201cHoy el hospital ha crecido y cada vez es mas complejo, aunque todo est\u00e1 organizado, porque cada direcci\u00f3n est\u00e1 funcionando correctamente\u2026..\u201d<br \/>\nAnte la precisi\u00f3n de los reiterados cambios de direcci\u00f3n en el hospital en los \u00faltimos 20 a\u00f1os. \u201cNo solamente pasa en nuestro distrito, porque veo estas situaciones y es complicado porque la salud es un tema muy sensible, las responsabilidades son muy importantes y la direcci\u00f3n de un hospital es todo un desaf\u00edo\u2026..\u201d<br \/>\nEl periodista le se\u00f1ala que tantos cambios deben generar inconvenientes en la puesta en pr\u00e1ctica de proyectos de largo plazo y en el funcionamiento del nosocomio. \u201cEstas cosas pueden ocurrir y no son exclusivas de nuestro distrito y por lo dem\u00e1s asumo la responsabilidad del hospital con la experiencia previa que tengo y ahora con el acompa\u00f1amiento de Marcelo Raffone que est\u00e1 llevando muy bien su gesti\u00f3n\u201d agreg\u00f3.<br \/>\n\u201cTodo es muy reciente para considerar cuanto tiempo estar\u00e9 a cargo del hospital. Todo el gobierno municipal ir\u00e1 evaluando las posibilidades de un proyecto nuevo lo mas duradero posible y teniendo en cuenta el buen di\u00e1logo y el acercamiento con todos los sectores que componen el hospital\u2026.\u201d<br \/>\n\u00bfCon el Dr. Castro ocurri\u00f3 algo puntual que lo llev\u00f3 a renunciar a los 20 d\u00edas \u00bf fue la pregunta. \u201cNo, no. Lo que yo puedo decir es que desde el principio no estaba dispuesto a asumir todas las responsabilidades del hospital\u2026Mas detalles no puedo brindar\u201d<\/p>\n<p>( escuchar entrevista con Dr. Leonardo Contreras)<br \/>\n<object id=\"player3790438\" width=\"240\" height=\"133\" type=\"application\/x-shockwave-flash\" data=\"http:\/\/www.ivoox.com\/playerivoox_ee_3790438_1.html\"><param name=\"movie\" value=\"http:\/\/www.ivoox.com\/playerivoox_ee_3790438_1.html\"><\/param><param name=\"AllowScriptAccess\" value=\"always\"><\/param><param name=\"allowFullScreen\" value=\"true\"><\/param><param name=\"wmode\" value=\"transparent\"><\/param><embed src=\"http:\/\/www.ivoox.com\/playerivoox_ee_3790438_1.html\" type=\"application\/x-shockwave-flash\" allowfullscreen=\"true\" wmode=\"transparent\" allowscriptaccess=\"always\" width=\"240\" height=\"133\"><\/embed><\/object><\/p>\n<p><a href=\"https:\/\/grupotiempodigital.com.ar\/?attachment_id=5233\" rel=\"attachment wp-att-5233\"><img loading=\"lazy\" decoding=\"async\" src=\"https:\/\/grupotiempodigital.com.ar\/wp-content\/uploads\/2014\/12\/DrContreras1.jpg\" alt=\"\" title=\"DrContreras\" width=\"388\" height=\"439\" class=\"alignleft size-full wp-image-5233\" srcset=\"https:\/\/grupotiempodigital.com.ar\/wp-content\/uploads\/2014\/12\/DrContreras1.jpg 388w, https:\/\/grupotiempodigital.com.ar\/wp-content\/uploads\/2014\/12\/DrContreras1-265x300.jpg 265w\" sizes=\"auto, (max-width: 388px) 100vw, 388px\" \/><\/a><\/p>\n","protected":false},"excerpt":{"rendered":"<p>En un comunicado oficial, la municipalidad de General Paz dio a conocer la renuncia presentada a la direcci\u00f3n del Hospital<\/p>\n","protected":false},"author":3,"featured_media":5229,"comment_status":"open","ping_status":"open","sticky":false,"template":"","format":"standard","meta":{"colormag_page_container_layout":"default_layout","colormag_page_sidebar_layout":"default_layout","footnotes":""},"categories":[1],"tags":[],"class_list":["post-5228","post","type-post","status-publish","format-standard","has-post-thumbnail","hentry","category-actualidad"],"_links":{"self":[{"href":"https:\/\/grupotiempodigital.com.ar\/index.php?rest_route=\/wp\/v2\/posts\/5228","targetHints":{"allow":["GET"]}}],"collection":[{"href":"https:\/\/grupotiempodigital.com.ar\/index.php?rest_route=\/wp\/v2\/posts"}],"about":[{"href":"https:\/\/grupotiempodigital.com.ar\/index.php?rest_route=\/wp\/v2\/types\/post"}],"author":[{"embeddable":true,"href":"https:\/\/grupotiempodigital.com.ar\/index.php?rest_route=\/wp\/v2\/users\/3"}],"replies":[{"embeddable":true,"href":"https:\/\/grupotiempodigital.com.ar\/index.php?rest_route=%2Fwp%2Fv2%2Fcomments&post=5228"}],"version-history":[{"count":0,"href":"https:\/\/grupotiempodigital.com.ar\/index.php?rest_route=\/wp\/v2\/posts\/5228\/revisions"}],"wp:featuredmedia":[{"embeddable":true,"href":"https:\/\/grupotiempodigital.com.ar\/index.php?rest_route=\/wp\/v2\/media\/5229"}],"wp:attachment":[{"href":"https:\/\/grupotiempodigital.com.ar\/index.php?rest_route=%2Fwp%2Fv2%2Fmedia&parent=5228"}],"wp:term":[{"taxonomy":"category","embeddable":true,"href":"https:\/\/grupotiempodigital.com.ar\/index.php?rest_route=%2Fwp%2Fv2%2Fcategories&post=5228"},{"taxonomy":"post_tag","embeddable":true,"href":"https:\/\/grupotiempodigital.com.ar\/index.php?rest_route=%2Fwp%2Fv2%2Ftags&post=5228"}],"curies":[{"name":"wp","href":"https:\/\/api.w.org\/{rel}","templated":true}]}}