{"id":5222,"date":"2014-12-02T15:57:45","date_gmt":"2014-12-02T18:57:45","guid":{"rendered":"http:\/\/grupotiempodigital.com.ar\/?p=5222"},"modified":"2014-12-02T16:12:42","modified_gmt":"2014-12-02T19:12:42","slug":"miguel-kania-un-joven-veterano-mas-ligado-al-teatro-que-una-candileja","status":"publish","type":"post","link":"https:\/\/grupotiempodigital.com.ar\/?p=5222","title":{"rendered":"Miguel Kan\u00eda: un joven veterano mas ligado al teatro que una candileja"},"content":{"rendered":"<p>Miguel Kan\u00eda acusa 36 a\u00f1os en su charla con La palabra fm (90.7 Mhz) del pasado martes, cuando a\u00fan disfrutaba de las mieles que le brind\u00f3 el estreno de \u201c Un funeral de muerte\u201d con el Taller Teatral Ranchos en una colmada sala Conrado Sessa de la Sociedad Uni\u00f3n Italiana el domingo 23 de noviembre.<br \/>\n\u201cEn esta obra son 15 personajes y de las obras con el Taller Teatral es el elenco mas numeroso que hemos montado\u201d dice ante la pregunta puntual.-  \u201c Hay j\u00f3venes que en general han debutado, pero hay casos como Daniela Chavez ,Julieta Paunero y Celeste Armesto  que es la primera vez que lo hacen con el grupo de adultos y en el caso de Celeste hace un gran esfuerzo viniendo desde Chascom\u00fas donde ya hab\u00eda hecho algo creo que con el desaparecido Carlitos Falomir\u2026.\u201d<br \/>\nSigue contando Kan\u00eda: \u201cWalter Leguizam\u00f3n vino desde La Plata todos los mi\u00e9rcoles y en el caso de Sof\u00eda Taus viniendo desde Belgrano donde reside ahora tambi\u00e9n. En realidad fue complejo el armado de esta obra porque todos juntos, solo estuvimos una sola vez antes del estreno y fue para la foto\u2026.\u201d Sonr\u00ede \u201cel profe\u201d que explica que el trabajo se hizo por m\u00f3dulos. \u201c Fue una obra de ingenier\u00eda hacerlo\u2026\u2026\u201d<br \/>\nAcepta que fue una noche a pura risa. El clima se hizo tan generalizado que costaba comprender si todos se re\u00edan de la obra o de la risa de la sala. \u201cPese al nombre, por el cual hubo gente que no quiso venir para no ver cosas tristes, la obra es muy divertida y naturalmente que ya nos est\u00e1n pidiendo la reposici\u00f3n cosa que haremos en los primeros meses del a\u00f1o pr\u00f3ximo seguramente\u201d adelanta.-<br \/>\nMenciona en alg\u00fan tramo de la charla a veteranos como Alberto Testa (que arranc\u00f3 varios aplausos\u201d ),de Enrique Fodor ( \u201csac\u00f3 varias carcajadas\u201c) y del feliz retorno de N\u00e9stor Castro. \u201c Tenemos el caso de la familia Paunero que ya est\u00e1n todos arriba del escenario: Ya no les quedan parientes que vengan a verlo, porque est\u00e1n todos arriba\u201d sonr\u00ede.-<br \/>\nAcepta que como todo estreno a\u00fan tiene muchos detalles para corregir, porque como dije de los ensayos, es natural que hayan existido detalles para mejorar. Confes\u00f3 que el ensayo del domingo a la tarde \u201c fue algo flojo\u201d y sin embargo cuando termin\u00f3 la obra y se cerr\u00f3 el tel\u00f3n, al volver a abrirlo para el saludo, estaban todos abrazados y saltando como si fuera un equipo de f\u00fatbol y se olvidaron que ten\u00eda que saludar de la emoci\u00f3n. Despu\u00e9s vino un aplauso cerrado por minutos como no me pas\u00f3 nunca\u2026\u2026\u201d<br \/>\nAgrega que est\u00e1n deseosos de salir a dar la obra por la regi\u00f3n.  \u201cLlevo entre 15 y 20 a\u00f1os. Ingres\u00e9 de la mano del profe Natalio Seta (\u2026.) Al frente del grupo llevo mas de 20\u2026\u2026, ten\u00eda 15 o 16 cuando empec\u00e9. La bienvenida me la dieron Calomino Testa, N\u00e9stor Castro, Graciela Francia, Estela Mendilahatzu\u2026.., son unos a\u00f1os\u201d agrega.-<br \/>\nEs Miguel Kan\u00eda.- Demasiados a\u00f1os dedicados al teatro y a la cultura ranchera. En el marco silencioso de mucha ocupaci\u00f3n desde hace mas de dos d\u00e9cadas.-<\/p>\n<p>( escuchar entrevista a Miguel Kan\u00eda \u2013 Listado completo del elenco de la obra )<br \/>\n<object id=\"player3784888\" width=\"240\" height=\"133\" type=\"application\/x-shockwave-flash\" data=\"http:\/\/www.ivoox.com\/playerivoox_ee_3784888_1.html\"><param name=\"movie\" value=\"http:\/\/www.ivoox.com\/playerivoox_ee_3784888_1.html\"><\/param><param name=\"AllowScriptAccess\" value=\"always\"><\/param><param name=\"allowFullScreen\" value=\"true\"><\/param><param name=\"wmode\" value=\"transparent\"><\/param><embed src=\"http:\/\/www.ivoox.com\/playerivoox_ee_3784888_1.html\" type=\"application\/x-shockwave-flash\" allowfullscreen=\"true\" wmode=\"transparent\" allowscriptaccess=\"always\" width=\"240\" height=\"133\"><\/embed><\/object><\/p>\n<p><a href=\"https:\/\/grupotiempodigital.com.ar\/?attachment_id=5224\" rel=\"attachment wp-att-5224\"><img loading=\"lazy\" decoding=\"async\" src=\"https:\/\/grupotiempodigital.com.ar\/wp-content\/uploads\/2014\/12\/Kan\u00eda.jpg\" alt=\"\" title=\"Kan\u00eda\" width=\"388\" height=\"292\" class=\"alignleft size-full wp-image-5224\" srcset=\"https:\/\/grupotiempodigital.com.ar\/wp-content\/uploads\/2014\/12\/Kan\u00eda.jpg 388w, https:\/\/grupotiempodigital.com.ar\/wp-content\/uploads\/2014\/12\/Kan\u00eda-300x225.jpg 300w\" sizes=\"auto, (max-width: 388px) 100vw, 388px\" \/><\/a><\/p>\n","protected":false},"excerpt":{"rendered":"<p>Miguel Kan\u00eda acusa 36 a\u00f1os en su charla con La palabra fm (90.7 Mhz) del pasado martes, cuando a\u00fan disfrutaba<\/p>\n","protected":false},"author":3,"featured_media":5224,"comment_status":"open","ping_status":"open","sticky":false,"template":"","format":"standard","meta":{"colormag_page_container_layout":"default_layout","colormag_page_sidebar_layout":"default_layout","footnotes":""},"categories":[1],"tags":[],"class_list":["post-5222","post","type-post","status-publish","format-standard","has-post-thumbnail","hentry","category-actualidad"],"_links":{"self":[{"href":"https:\/\/grupotiempodigital.com.ar\/index.php?rest_route=\/wp\/v2\/posts\/5222","targetHints":{"allow":["GET"]}}],"collection":[{"href":"https:\/\/grupotiempodigital.com.ar\/index.php?rest_route=\/wp\/v2\/posts"}],"about":[{"href":"https:\/\/grupotiempodigital.com.ar\/index.php?rest_route=\/wp\/v2\/types\/post"}],"author":[{"embeddable":true,"href":"https:\/\/grupotiempodigital.com.ar\/index.php?rest_route=\/wp\/v2\/users\/3"}],"replies":[{"embeddable":true,"href":"https:\/\/grupotiempodigital.com.ar\/index.php?rest_route=%2Fwp%2Fv2%2Fcomments&post=5222"}],"version-history":[{"count":0,"href":"https:\/\/grupotiempodigital.com.ar\/index.php?rest_route=\/wp\/v2\/posts\/5222\/revisions"}],"wp:featuredmedia":[{"embeddable":true,"href":"https:\/\/grupotiempodigital.com.ar\/index.php?rest_route=\/wp\/v2\/media\/5224"}],"wp:attachment":[{"href":"https:\/\/grupotiempodigital.com.ar\/index.php?rest_route=%2Fwp%2Fv2%2Fmedia&parent=5222"}],"wp:term":[{"taxonomy":"category","embeddable":true,"href":"https:\/\/grupotiempodigital.com.ar\/index.php?rest_route=%2Fwp%2Fv2%2Fcategories&post=5222"},{"taxonomy":"post_tag","embeddable":true,"href":"https:\/\/grupotiempodigital.com.ar\/index.php?rest_route=%2Fwp%2Fv2%2Ftags&post=5222"}],"curies":[{"name":"wp","href":"https:\/\/api.w.org\/{rel}","templated":true}]}}