{"id":5215,"date":"2014-12-01T20:13:35","date_gmt":"2014-12-01T23:13:35","guid":{"rendered":"http:\/\/grupotiempodigital.com.ar\/?p=5215"},"modified":"2015-01-02T10:30:48","modified_gmt":"2015-01-02T13:30:48","slug":"jose-l-vanzato-pronto-tendremos-una-mujer-bombero-en-chascomus-seguramente","status":"publish","type":"post","link":"https:\/\/grupotiempodigital.com.ar\/?p=5215","title":{"rendered":"Jos\u00e9 L. Vanzato: \u201c Pronto tendremos una mujer bombero en Chascom\u00fas, seguramente\u2026.\u201d"},"content":{"rendered":"<p>Bomberos Voluntaros de Chascom\u00fas cumpli\u00f3 54 a\u00f1os de vida el mi\u00e9rcoles 19 de noviembre y lo celebraron con una cena, algunas distinciones y la incorporaci\u00f3n de nuevos efectivos al cuerpo activo que ya supera los 60 prestadores. Por Libres del Sur fm ( 90.1 Mhz) dialog\u00f3 d\u00edas pasados el jefe del cuerpo activo Jos\u00e9 Luis Vanzato quien aclar\u00f3 en primer t\u00e9rmino que \u201c los bomberos no perciben sueldo alguno. Salvo despu\u00e9s de alcanzar 45 a\u00f1os de vida y 25 de servicio se hacen acreedor a un subsidio\u201d aclar\u00f3 el jefe bomberil.<br \/>\n\u201cEn el acto se realiz\u00f3 el cambio de bandera, se les dio la bienvenida a los nuevo seis efectivos, se destacan los actos de servicio del a\u00f1o, se distribuyeron medallas y se leyeron los ascensos, adem\u00e1s de las salutaciones recibidas\u201d De los nuevos servidores dos son cadetes aspirantes a bomberos y los restantes ya son bomberos desde el momento que prestaron juramento\u201d agreg\u00f3 Vanzato.<br \/>\nEn relaci\u00f3n al cuerpo activo, dijo que \u201cahora somos 63 efectivos con los ingresados que como dije son seis de los 11 que se inscribieron originalmente. Estamos en esa cifra m\u00e1s o menos desde hace unos a\u00f1os. Llegamos a ser casi 80 hace unos diez a\u00f1os, pero ahora estamos mas o menos acordes a las unidades y el equipamiento que tenemos\u2026..\u201d<br \/>\nVanzato tambi\u00e9n se refiri\u00f3 a la posibilidad que se sumen mujeres al cuerpo activo. \u201cFalta poco porque cada d\u00eda es mas necesario. Pero lleva un proceso como es el de preparar al cuerpo para recibir a una mujer, lo que sin dudas es un nuevo cuadro de situaci\u00f3n y tambi\u00e9n acondicionar vestuarios, sanitarios y dem\u00e1s. Pero pronto tendremos la primera mujer bombero en Chascom\u00fas seguramente\u2026..\u201d<\/p>\n<p>( escuchar entrevista a Jos\u00e9 L. Vanzato )<br \/>\n<object id=\"player3780197\" width=\"240\" height=\"133\" type=\"application\/x-shockwave-flash\" data=\"http:\/\/www.ivoox.com\/playerivoox_ee_3780197_1.html\"><param name=\"movie\" value=\"http:\/\/www.ivoox.com\/playerivoox_ee_3780197_1.html\"><\/param><param name=\"AllowScriptAccess\" value=\"always\"><\/param><param name=\"allowFullScreen\" value=\"true\"><\/param><param name=\"wmode\" value=\"transparent\"><\/param><embed src=\"http:\/\/www.ivoox.com\/playerivoox_ee_3780197_1.html\" type=\"application\/x-shockwave-flash\" allowfullscreen=\"true\" wmode=\"transparent\" allowscriptaccess=\"always\" width=\"240\" height=\"133\"><\/embed><\/object><\/p>\n<p><a href=\"https:\/\/grupotiempodigital.com.ar\/?attachment_id=5216\" rel=\"attachment wp-att-5216\"><img loading=\"lazy\" decoding=\"async\" src=\"https:\/\/grupotiempodigital.com.ar\/wp-content\/uploads\/2014\/12\/Jose-Vanzato.jpg\" alt=\"\" title=\"Jose Vanzato\" width=\"221\" height=\"196\" class=\"alignleft size-full wp-image-5216\" \/><\/a><\/p>\n","protected":false},"excerpt":{"rendered":"<p>Bomberos Voluntaros de Chascom\u00fas cumpli\u00f3 54 a\u00f1os de vida el mi\u00e9rcoles 19 de noviembre y lo celebraron con una cena,<\/p>\n","protected":false},"author":3,"featured_media":5216,"comment_status":"open","ping_status":"open","sticky":false,"template":"","format":"standard","meta":{"colormag_page_container_layout":"default_layout","colormag_page_sidebar_layout":"default_layout","footnotes":""},"categories":[1],"tags":[],"class_list":["post-5215","post","type-post","status-publish","format-standard","has-post-thumbnail","hentry","category-actualidad"],"_links":{"self":[{"href":"https:\/\/grupotiempodigital.com.ar\/index.php?rest_route=\/wp\/v2\/posts\/5215","targetHints":{"allow":["GET"]}}],"collection":[{"href":"https:\/\/grupotiempodigital.com.ar\/index.php?rest_route=\/wp\/v2\/posts"}],"about":[{"href":"https:\/\/grupotiempodigital.com.ar\/index.php?rest_route=\/wp\/v2\/types\/post"}],"author":[{"embeddable":true,"href":"https:\/\/grupotiempodigital.com.ar\/index.php?rest_route=\/wp\/v2\/users\/3"}],"replies":[{"embeddable":true,"href":"https:\/\/grupotiempodigital.com.ar\/index.php?rest_route=%2Fwp%2Fv2%2Fcomments&post=5215"}],"version-history":[{"count":0,"href":"https:\/\/grupotiempodigital.com.ar\/index.php?rest_route=\/wp\/v2\/posts\/5215\/revisions"}],"wp:featuredmedia":[{"embeddable":true,"href":"https:\/\/grupotiempodigital.com.ar\/index.php?rest_route=\/wp\/v2\/media\/5216"}],"wp:attachment":[{"href":"https:\/\/grupotiempodigital.com.ar\/index.php?rest_route=%2Fwp%2Fv2%2Fmedia&parent=5215"}],"wp:term":[{"taxonomy":"category","embeddable":true,"href":"https:\/\/grupotiempodigital.com.ar\/index.php?rest_route=%2Fwp%2Fv2%2Fcategories&post=5215"},{"taxonomy":"post_tag","embeddable":true,"href":"https:\/\/grupotiempodigital.com.ar\/index.php?rest_route=%2Fwp%2Fv2%2Ftags&post=5215"}],"curies":[{"name":"wp","href":"https:\/\/api.w.org\/{rel}","templated":true}]}}