{"id":5203,"date":"2014-12-01T17:15:11","date_gmt":"2014-12-01T20:15:11","guid":{"rendered":"http:\/\/grupotiempodigital.com.ar\/?p=5203"},"modified":"2014-12-01T17:15:11","modified_gmt":"2014-12-01T20:15:11","slug":"se-habilito-el-cruce-de-calle-colombia-y-se-interrumpio-el-de-7-de-noviembre-en-chascomus","status":"publish","type":"post","link":"https:\/\/grupotiempodigital.com.ar\/?p=5203","title":{"rendered":"SE HABILITO EL CRUCE DE CALLE COLOMBIA Y SE INTERRUMPI\u00d3 EL DE 7 DE NOVIEMBRE EN CHASCOM\u00daS"},"content":{"rendered":"<p>Informa la Municipalidad de Chascom\u00fas, sobre la marcha de los trabajos de ejecuci\u00f3n de la nueva traza ferroviaria en nuestra ciudad, los cortes de calles para concretar diferentes aspectos de la obra y las consideraciones tendientes a resolver inconvenientes que se presentan.<\/p>\n<p>Al respecto, y tras la reuni\u00f3n que mantuvo el Intendente Municipal de Chascom\u00fas, Cdor. Juan A. Gobbi, con el Secretario de Planificaci\u00f3n y Desarrollo, Arq. Rodolfo Pertusi, Jorge D\u00e1ngelo de la Inspecci\u00f3n de obra de ADIF, Julio de la Pe\u00f1a de Consular Itiac, Mauricio Cagiao, Jefe de Obra de la empresa COMSA EMTE, el Ing. Rodolfo Alfons\u00edn y Carlos Bordenave de la empresa G y C Construcciones, encargada de la realizaci\u00f3n de la obra de la nueva rotonda en Juan Manuel de Rosas y Ruta N\u00ba 20, la tarea se viene cumpliendo de acuerdo a lo acordado en dicha reuni\u00f3n.<\/p>\n<p>Si bien se considera que esta obra resulta de gran importancia para nuestra ciudad, en apropiado trabajar en forma conjunta para tratar de resolver las dificultades que se originan y que afectan a los vecinos.<\/p>\n<p>Un punto importante planteado por el jefe Comunal, fue el compromiso existente, para que no se realicen dos cortes de calles simult\u00e1neamente, lo que perjudicar\u00eda a la gente y en este aspecto, el Jefe de Obra de COMA EMTE, Mauricio Cagiao, confirm\u00f3 que el cruce de la calle Colombia iba a ser habilitado este s\u00e1bado, lo que se ha cumplido, y tras ello, comenzaban las obras en el cruce de la calle 7 de Noviembre que estar\u00e1 inhabilitada en ese sector hasta mediados de la pr\u00f3xima semana.<\/p>\n<p>Tambi\u00e9n se est\u00e1 trabajando entre la Municipalidad de Chascom\u00fas y los responsables de la doble traza y de la rotonda en Juan M. de Rosas y Ruta N\u00ba 20, para articular los sistemas de desv\u00edo de tr\u00e1nsito que obligadamente se deber\u00e1n efectuar, ya que por la envergadura d elos trabajos que se tienen que ejecutar, un tramo de la Avda. Juan Manuel de Rosas quedar\u00e1 totalmente inhabilitado, desde el pr\u00f3ximo martes 9 de diciembre, siempre que las condiciones del tiempo no demoren otras labores previas en el lugar.<br \/>\n(Informaci\u00f3n del bolet\u00edn de prensa municipal del d\u00eda 29-11-2014)<\/p>\n<p><a href=\"https:\/\/grupotiempodigital.com.ar\/?attachment_id=5204\" rel=\"attachment wp-att-5204\"><img loading=\"lazy\" decoding=\"async\" src=\"https:\/\/grupotiempodigital.com.ar\/wp-content\/uploads\/2014\/12\/cruce.jpg\" alt=\"\" title=\"cruce\" width=\"388\" height=\"260\" class=\"alignleft size-full wp-image-5204\" srcset=\"https:\/\/grupotiempodigital.com.ar\/wp-content\/uploads\/2014\/12\/cruce.jpg 388w, https:\/\/grupotiempodigital.com.ar\/wp-content\/uploads\/2014\/12\/cruce-300x201.jpg 300w\" sizes=\"auto, (max-width: 388px) 100vw, 388px\" \/><\/a><\/p>\n","protected":false},"excerpt":{"rendered":"<p>Informa la Municipalidad de Chascom\u00fas, sobre la marcha de los trabajos de ejecuci\u00f3n de la nueva traza ferroviaria en nuestra<\/p>\n","protected":false},"author":3,"featured_media":5204,"comment_status":"open","ping_status":"open","sticky":false,"template":"","format":"standard","meta":{"colormag_page_container_layout":"default_layout","colormag_page_sidebar_layout":"default_layout","footnotes":""},"categories":[1],"tags":[],"class_list":["post-5203","post","type-post","status-publish","format-standard","has-post-thumbnail","hentry","category-actualidad"],"_links":{"self":[{"href":"https:\/\/grupotiempodigital.com.ar\/index.php?rest_route=\/wp\/v2\/posts\/5203","targetHints":{"allow":["GET"]}}],"collection":[{"href":"https:\/\/grupotiempodigital.com.ar\/index.php?rest_route=\/wp\/v2\/posts"}],"about":[{"href":"https:\/\/grupotiempodigital.com.ar\/index.php?rest_route=\/wp\/v2\/types\/post"}],"author":[{"embeddable":true,"href":"https:\/\/grupotiempodigital.com.ar\/index.php?rest_route=\/wp\/v2\/users\/3"}],"replies":[{"embeddable":true,"href":"https:\/\/grupotiempodigital.com.ar\/index.php?rest_route=%2Fwp%2Fv2%2Fcomments&post=5203"}],"version-history":[{"count":0,"href":"https:\/\/grupotiempodigital.com.ar\/index.php?rest_route=\/wp\/v2\/posts\/5203\/revisions"}],"wp:featuredmedia":[{"embeddable":true,"href":"https:\/\/grupotiempodigital.com.ar\/index.php?rest_route=\/wp\/v2\/media\/5204"}],"wp:attachment":[{"href":"https:\/\/grupotiempodigital.com.ar\/index.php?rest_route=%2Fwp%2Fv2%2Fmedia&parent=5203"}],"wp:term":[{"taxonomy":"category","embeddable":true,"href":"https:\/\/grupotiempodigital.com.ar\/index.php?rest_route=%2Fwp%2Fv2%2Fcategories&post=5203"},{"taxonomy":"post_tag","embeddable":true,"href":"https:\/\/grupotiempodigital.com.ar\/index.php?rest_route=%2Fwp%2Fv2%2Ftags&post=5203"}],"curies":[{"name":"wp","href":"https:\/\/api.w.org\/{rel}","templated":true}]}}