{"id":5192,"date":"2014-12-01T16:39:13","date_gmt":"2014-12-01T19:39:13","guid":{"rendered":"http:\/\/grupotiempodigital.com.ar\/?p=5192"},"modified":"2014-12-01T16:39:13","modified_gmt":"2014-12-01T19:39:13","slug":"secundaria-no-5-de-ranchos-festival-de-arte-y-juegos","status":"publish","type":"post","link":"https:\/\/grupotiempodigital.com.ar\/?p=5192","title":{"rendered":"Secundaria n\u00ba 5 de Ranchos: Festival de Arte y Juegos"},"content":{"rendered":"<p>Organizado por la Escuela Secundaria n\u00ba 5 (que funciona en la Escuela n\u00ba 4) el pasado viernes 28 desde las 12 y hasta las 16 horas se realiz\u00f3 el Festival de Arte y Juegos.<br \/>\nAsistieron al mismo autoridades educativas, municipales, alumnos y padres, donde luego de escuchar las palabras de bienvenida de la Directora de dicho establecimiento Sra. Cristina Martinez, se procedi\u00f3 a recorrer la exposici\u00f3n visual que se encontraba en los pasillos de la escuela, se realizaron obras de teatro, coreograf\u00edas, recitales, estatuas vivientes y mucho m\u00e1s.<\/p>\n<p><a href=\"https:\/\/grupotiempodigital.com.ar\/?attachment_id=5194\" rel=\"attachment wp-att-5194\"><img loading=\"lazy\" decoding=\"async\" src=\"https:\/\/grupotiempodigital.com.ar\/wp-content\/uploads\/2014\/12\/Martinez.jpg\" alt=\"\" title=\"Martinez\" width=\"388\" height=\"520\" class=\"alignleft size-full wp-image-5194\" srcset=\"https:\/\/grupotiempodigital.com.ar\/wp-content\/uploads\/2014\/12\/Martinez.jpg 388w, https:\/\/grupotiempodigital.com.ar\/wp-content\/uploads\/2014\/12\/Martinez-223x300.jpg 223w\" sizes=\"auto, (max-width: 388px) 100vw, 388px\" \/><\/a><\/p>\n","protected":false},"excerpt":{"rendered":"<p>Organizado por la Escuela Secundaria n\u00ba 5 (que funciona en la Escuela n\u00ba 4) el pasado viernes 28 desde las<\/p>\n","protected":false},"author":3,"featured_media":5193,"comment_status":"open","ping_status":"open","sticky":false,"template":"","format":"standard","meta":{"colormag_page_container_layout":"default_layout","colormag_page_sidebar_layout":"default_layout","footnotes":""},"categories":[1],"tags":[],"class_list":["post-5192","post","type-post","status-publish","format-standard","has-post-thumbnail","hentry","category-actualidad"],"_links":{"self":[{"href":"https:\/\/grupotiempodigital.com.ar\/index.php?rest_route=\/wp\/v2\/posts\/5192","targetHints":{"allow":["GET"]}}],"collection":[{"href":"https:\/\/grupotiempodigital.com.ar\/index.php?rest_route=\/wp\/v2\/posts"}],"about":[{"href":"https:\/\/grupotiempodigital.com.ar\/index.php?rest_route=\/wp\/v2\/types\/post"}],"author":[{"embeddable":true,"href":"https:\/\/grupotiempodigital.com.ar\/index.php?rest_route=\/wp\/v2\/users\/3"}],"replies":[{"embeddable":true,"href":"https:\/\/grupotiempodigital.com.ar\/index.php?rest_route=%2Fwp%2Fv2%2Fcomments&post=5192"}],"version-history":[{"count":0,"href":"https:\/\/grupotiempodigital.com.ar\/index.php?rest_route=\/wp\/v2\/posts\/5192\/revisions"}],"wp:featuredmedia":[{"embeddable":true,"href":"https:\/\/grupotiempodigital.com.ar\/index.php?rest_route=\/wp\/v2\/media\/5193"}],"wp:attachment":[{"href":"https:\/\/grupotiempodigital.com.ar\/index.php?rest_route=%2Fwp%2Fv2%2Fmedia&parent=5192"}],"wp:term":[{"taxonomy":"category","embeddable":true,"href":"https:\/\/grupotiempodigital.com.ar\/index.php?rest_route=%2Fwp%2Fv2%2Fcategories&post=5192"},{"taxonomy":"post_tag","embeddable":true,"href":"https:\/\/grupotiempodigital.com.ar\/index.php?rest_route=%2Fwp%2Fv2%2Ftags&post=5192"}],"curies":[{"name":"wp","href":"https:\/\/api.w.org\/{rel}","templated":true}]}}