{"id":5172,"date":"2014-11-28T17:07:01","date_gmt":"2014-11-28T20:07:01","guid":{"rendered":"http:\/\/grupotiempodigital.com.ar\/?p=5172"},"modified":"2014-11-28T17:07:01","modified_gmt":"2014-11-28T20:07:01","slug":"el-intendente-gobbi-recibio-al-ministro-de-asuntos-agrarios","status":"publish","type":"post","link":"https:\/\/grupotiempodigital.com.ar\/?p=5172","title":{"rendered":"EL INTENDENTE GOBBI RECIBI\u00d3 AL MINISTRO DE ASUNTOS AGRARIOS"},"content":{"rendered":"<p>En horas de la ma\u00f1ana de este viernes, el Intendente Municipal de Chascom\u00fas recibi\u00f3 en su despacho al Ministro de Asuntos Agrarios bonaerense, Alejandro \u201cTopo\u201d Rodr\u00edguez,, para compartir una reuni\u00f3n en la que tambi\u00e9n estuvieron presentes, el Secretario de Infraestructura y Servicios P\u00fablicos, Daniel Giacobone, el Contador Municipal, Guillermo H. Bilbao, el Jefe de Gabinete del ministerio, Lucas Romero y el Presidente de la Asociaci\u00f3n Rural de Chascom\u00fas, Ra\u00fal Naufel.<\/p>\n<p>En la oportunidad, se convers\u00f3 sobre diferentes cuestiones que se vinculan a la actividad propia del ministerio y la situaci\u00f3n de Chascom\u00fas en diferentes aspectos, en tanto que tambi\u00e9n se hizo referencia a la situaci\u00f3n ganadera general del distrito, planes de vacunaci\u00f3n y sobre diferentes programas existentes para el sector rural.<\/p>\n<p>Posteriormente, el ministro y sus colaboradores, participaban de una actividad que se llevaba a cabo en nuestro distrito.<br \/>\n(Informaci\u00f3n del bolet\u00edn de prensa municipal del 28-11-2014)<\/p>\n<p><a href=\"https:\/\/grupotiempodigital.com.ar\/?attachment_id=5173\" rel=\"attachment wp-att-5173\"><img loading=\"lazy\" decoding=\"async\" src=\"https:\/\/grupotiempodigital.com.ar\/wp-content\/uploads\/2014\/11\/Gobbi.jpg\" alt=\"\" title=\"Gobbi\" width=\"388\" height=\"260\" class=\"alignleft size-full wp-image-5173\" srcset=\"https:\/\/grupotiempodigital.com.ar\/wp-content\/uploads\/2014\/11\/Gobbi.jpg 388w, https:\/\/grupotiempodigital.com.ar\/wp-content\/uploads\/2014\/11\/Gobbi-300x201.jpg 300w\" sizes=\"auto, (max-width: 388px) 100vw, 388px\" \/><\/a><\/p>\n","protected":false},"excerpt":{"rendered":"<p>En horas de la ma\u00f1ana de este viernes, el Intendente Municipal de Chascom\u00fas recibi\u00f3 en su despacho al Ministro de<\/p>\n","protected":false},"author":3,"featured_media":5173,"comment_status":"open","ping_status":"open","sticky":false,"template":"","format":"standard","meta":{"colormag_page_container_layout":"default_layout","colormag_page_sidebar_layout":"default_layout","footnotes":""},"categories":[1],"tags":[],"class_list":["post-5172","post","type-post","status-publish","format-standard","has-post-thumbnail","hentry","category-actualidad"],"_links":{"self":[{"href":"https:\/\/grupotiempodigital.com.ar\/index.php?rest_route=\/wp\/v2\/posts\/5172","targetHints":{"allow":["GET"]}}],"collection":[{"href":"https:\/\/grupotiempodigital.com.ar\/index.php?rest_route=\/wp\/v2\/posts"}],"about":[{"href":"https:\/\/grupotiempodigital.com.ar\/index.php?rest_route=\/wp\/v2\/types\/post"}],"author":[{"embeddable":true,"href":"https:\/\/grupotiempodigital.com.ar\/index.php?rest_route=\/wp\/v2\/users\/3"}],"replies":[{"embeddable":true,"href":"https:\/\/grupotiempodigital.com.ar\/index.php?rest_route=%2Fwp%2Fv2%2Fcomments&post=5172"}],"version-history":[{"count":0,"href":"https:\/\/grupotiempodigital.com.ar\/index.php?rest_route=\/wp\/v2\/posts\/5172\/revisions"}],"wp:featuredmedia":[{"embeddable":true,"href":"https:\/\/grupotiempodigital.com.ar\/index.php?rest_route=\/wp\/v2\/media\/5173"}],"wp:attachment":[{"href":"https:\/\/grupotiempodigital.com.ar\/index.php?rest_route=%2Fwp%2Fv2%2Fmedia&parent=5172"}],"wp:term":[{"taxonomy":"category","embeddable":true,"href":"https:\/\/grupotiempodigital.com.ar\/index.php?rest_route=%2Fwp%2Fv2%2Fcategories&post=5172"},{"taxonomy":"post_tag","embeddable":true,"href":"https:\/\/grupotiempodigital.com.ar\/index.php?rest_route=%2Fwp%2Fv2%2Ftags&post=5172"}],"curies":[{"name":"wp","href":"https:\/\/api.w.org\/{rel}","templated":true}]}}