{"id":5169,"date":"2014-11-28T16:35:21","date_gmt":"2014-11-28T19:35:21","guid":{"rendered":"http:\/\/grupotiempodigital.com.ar\/?p=5169"},"modified":"2014-11-28T16:35:21","modified_gmt":"2014-11-28T19:35:21","slug":"mas-de-49-mil-millones-para-diciembre-la-anses-adelanta-el-medio-aguinaldo-junto-al-haber-para-antes-de-las-fiestas","status":"publish","type":"post","link":"https:\/\/grupotiempodigital.com.ar\/?p=5169","title":{"rendered":"M\u00e1s de $49 mil millones para diciembre: LA ANSES ADELANTA EL MEDIO AGUINALDO JUNTO AL HABER PARA ANTES DE LAS FIESTAS"},"content":{"rendered":"<p>Se abonar\u00e1n las prestaciones desde el 1\u00ba al 23 de diciembre.<\/p>\n<p>Durante diciembre, la ANSES abonar\u00e1 el haber mensual m\u00e1s el medio aguinaldo a 5.918.566 jubilados y pensionados y a 1.485.430 titulares de Pensiones No Contributivas (PNC). En total, el organismo realizar\u00e1 una erogaci\u00f3n de $49.232 millones en prestaciones sociales, entre jubilaciones, pensiones, Asignaciones Familiares, seguro de desempleo y pago de sentencias judiciales. <\/p>\n<p>Diego Bossio, Director Ejecutivo de la ANSES, afirm\u00f3 que \u201cabonar el medio aguinaldo y el haber mensual conjuntamente permitir\u00e1 que todos aquellos que cobran alguna prestaci\u00f3n puedan contar con el dinero antes de las fiestas de Navidad y fin de a\u00f1o. Esto pone de manifiesto el compromiso de estar presente en tiempo y forma por parte del Estado, as\u00ed como la prudencia y la responsabilidad en el manejo de los recursos p\u00fablicos. En diciembre, la ANSES est\u00e1 destinando recursos equivalentes a casi 2 presupuestos y medios de la provincia de Buenos Aires y a 7 presupuestos mensuales de la Ciudad Aut\u00f3noma de Buenos Aires\u201d.<\/p>\n<p>Los jubilados y pensionados que reciben el haber m\u00ednimo alcanzar\u00e1n en diciembre y con el aguinaldo incluido la suma de $4847,45, y el haber medio ascender\u00e1 a $6636,17. Por su parte, quienes est\u00e9n en el R\u00e9gimen de Moratoria percibir\u00e1n como haber m\u00ednimo la suma de $4575,76 y como haber medio $4748,49.<\/p>\n<p>La inversi\u00f3n en seguridad social realizada por la ANSES en esta \u00e9poca del a\u00f1o significa un mayor impulso al consumo, ya que los 15 millones de personas que reciben alguna o algunas prestaciones del organismo cobrar\u00e1n antes de las fiestas a celebrarse a fin de a\u00f1o.<\/p>\n<p>Como todos los meses, los jubilados y pensionados perciben sus haberes seg\u00fan el cronograma de pagos que comienza el lunes 1\u00ba de diciembre y que determina el d\u00eda de cobro por la finalizaci\u00f3n del DNI y el monto del haber. No obstante, tienen tiempo de hacerlo hasta el 9 de enero de 2015. De lo contrario, deber\u00e1n concurrir a cualquier delegaci\u00f3n de la ANSES con su documento de identidad e iniciar el tr\u00e1mite correspondiente.<\/p>\n<p>Otras prestaciones          <\/p>\n<p>Adem\u00e1s de los haberes y aguinaldo de jubilados y pensionados, la ANSES abonar\u00e1 a partir del 15 de diciembre las Asignaciones Familiares de los 3.629.487 casos del Sistema \u00danico de Asignaciones Familiares (SUAF), por un monto de $1964 millones; as\u00ed como 17.293 asignaciones de pago \u00fanico (Matrimonio, Nacimiento y Adopci\u00f3n) por un total de $15 millones. Asimismo, pagar\u00e1 a partir del 5 de diciembre la Asignaci\u00f3n Universal por Hijo (AUH): 3.626.278 casos que implicar\u00e1n el desembolso de $2474 millones y los 83.230 titulares de la Prestaci\u00f3n por Desempleo, para lo que se destinar\u00e1 un total de $91 millones.<\/p>\n","protected":false},"excerpt":{"rendered":"<p>Se abonar\u00e1n las prestaciones desde el 1\u00ba al 23 de diciembre. Durante diciembre, la ANSES abonar\u00e1 el haber mensual m\u00e1s<\/p>\n","protected":false},"author":3,"featured_media":0,"comment_status":"open","ping_status":"open","sticky":false,"template":"","format":"standard","meta":{"colormag_page_container_layout":"default_layout","colormag_page_sidebar_layout":"default_layout","footnotes":""},"categories":[1],"tags":[],"class_list":["post-5169","post","type-post","status-publish","format-standard","hentry","category-actualidad"],"_links":{"self":[{"href":"https:\/\/grupotiempodigital.com.ar\/index.php?rest_route=\/wp\/v2\/posts\/5169","targetHints":{"allow":["GET"]}}],"collection":[{"href":"https:\/\/grupotiempodigital.com.ar\/index.php?rest_route=\/wp\/v2\/posts"}],"about":[{"href":"https:\/\/grupotiempodigital.com.ar\/index.php?rest_route=\/wp\/v2\/types\/post"}],"author":[{"embeddable":true,"href":"https:\/\/grupotiempodigital.com.ar\/index.php?rest_route=\/wp\/v2\/users\/3"}],"replies":[{"embeddable":true,"href":"https:\/\/grupotiempodigital.com.ar\/index.php?rest_route=%2Fwp%2Fv2%2Fcomments&post=5169"}],"version-history":[{"count":0,"href":"https:\/\/grupotiempodigital.com.ar\/index.php?rest_route=\/wp\/v2\/posts\/5169\/revisions"}],"wp:attachment":[{"href":"https:\/\/grupotiempodigital.com.ar\/index.php?rest_route=%2Fwp%2Fv2%2Fmedia&parent=5169"}],"wp:term":[{"taxonomy":"category","embeddable":true,"href":"https:\/\/grupotiempodigital.com.ar\/index.php?rest_route=%2Fwp%2Fv2%2Fcategories&post=5169"},{"taxonomy":"post_tag","embeddable":true,"href":"https:\/\/grupotiempodigital.com.ar\/index.php?rest_route=%2Fwp%2Fv2%2Ftags&post=5169"}],"curies":[{"name":"wp","href":"https:\/\/api.w.org\/{rel}","templated":true}]}}