{"id":5162,"date":"2014-11-28T13:20:49","date_gmt":"2014-11-28T16:20:49","guid":{"rendered":"http:\/\/grupotiempodigital.com.ar\/?p=5162"},"modified":"2014-11-28T13:20:49","modified_gmt":"2014-11-28T16:20:49","slug":"subio-a-una-persona-que-estaba-haciendo-dedo-y-le-sustrajo-efectos-personales","status":"publish","type":"post","link":"https:\/\/grupotiempodigital.com.ar\/?p=5162","title":{"rendered":"Subi\u00f3 a una persona que estaba haciendo \u00abdedo\u00bb y le sustrajo efectos personales"},"content":{"rendered":"<p>*Por intermedio de la presente me dirijo a usted, a fin de llevar a conocimiento de la sociedad, que en el d\u00eda de ayer en circunstancias que el Sr. Fredes Rub\u00e9n circulaba en su veh\u00edculo desde Belgrano a esta localidad, levant\u00f3 una persona que estaba haciendo dedo en el mismo sentido de circulaci\u00f3n que el Sr. Fredes, persona que baja en Ruta 29 y acceso a esta localidad, para Fredes seguir su destino, contactando minutos m\u00e1s tarde que la persona que bajo le sustrajo efectos personales del interior del rodado, habi\u00e9ndose presentado y al tomar conocimiento el personal policial de esta dependencia, lograron identificar acorde a las descripciones f\u00edsicas a una persona de sexo femenino como Ferr\u00e1n Carina Alejandra, mayor de edad, domiciliada en la localidad de Gral. Belgrano, en circunstancias que estaba subiendo a otro veh\u00edculo para proceder viaje hacia La Plata. Requisada se le incautan los elementos personales correspondientes a Fredes y a se procedi\u00f3 a su aprehensi\u00f3n y traslado a esta dependencia policial. Estando en el d\u00eda de la fecha en el Poder Judicial de La Plata a fines de resolver su situaci\u00f3n procesal en la fiscal\u00eda de flagrancia. <\/p>\n<p>*INFRACCION ARTICULOS 72 Y 74 DEL DECRETO LEY 8031- En el d\u00eda de ayer, se procedi\u00f3 a la aprehensi\u00f3n, por hallarse en estado de ebriedad y alterando el orden, de Federico  Catullo quien quedo alojado en esta dependencia policial, con intervenci\u00f3n del Sr. Juez de Paz Letrado de Gral. Paz, recuperando la libertad en el d\u00eda de la fecha.<\/p>\n<p>ARRUBIA FERNANDO JAVIER &#8211; COMISARIO &#8211; JEFE COMUNAL GRAL. PAZ<\/p>\n<p>(Informe de la Jefatura Polic\u00eda Comunal Gral. Paz del d\u00eda 28-11-2014)<\/p>\n","protected":false},"excerpt":{"rendered":"<p>*Por intermedio de la presente me dirijo a usted, a fin de llevar a conocimiento de la sociedad, que en<\/p>\n","protected":false},"author":3,"featured_media":0,"comment_status":"open","ping_status":"open","sticky":false,"template":"","format":"standard","meta":{"colormag_page_container_layout":"default_layout","colormag_page_sidebar_layout":"default_layout","footnotes":""},"categories":[1],"tags":[],"class_list":["post-5162","post","type-post","status-publish","format-standard","hentry","category-actualidad"],"_links":{"self":[{"href":"https:\/\/grupotiempodigital.com.ar\/index.php?rest_route=\/wp\/v2\/posts\/5162","targetHints":{"allow":["GET"]}}],"collection":[{"href":"https:\/\/grupotiempodigital.com.ar\/index.php?rest_route=\/wp\/v2\/posts"}],"about":[{"href":"https:\/\/grupotiempodigital.com.ar\/index.php?rest_route=\/wp\/v2\/types\/post"}],"author":[{"embeddable":true,"href":"https:\/\/grupotiempodigital.com.ar\/index.php?rest_route=\/wp\/v2\/users\/3"}],"replies":[{"embeddable":true,"href":"https:\/\/grupotiempodigital.com.ar\/index.php?rest_route=%2Fwp%2Fv2%2Fcomments&post=5162"}],"version-history":[{"count":0,"href":"https:\/\/grupotiempodigital.com.ar\/index.php?rest_route=\/wp\/v2\/posts\/5162\/revisions"}],"wp:attachment":[{"href":"https:\/\/grupotiempodigital.com.ar\/index.php?rest_route=%2Fwp%2Fv2%2Fmedia&parent=5162"}],"wp:term":[{"taxonomy":"category","embeddable":true,"href":"https:\/\/grupotiempodigital.com.ar\/index.php?rest_route=%2Fwp%2Fv2%2Fcategories&post=5162"},{"taxonomy":"post_tag","embeddable":true,"href":"https:\/\/grupotiempodigital.com.ar\/index.php?rest_route=%2Fwp%2Fv2%2Ftags&post=5162"}],"curies":[{"name":"wp","href":"https:\/\/api.w.org\/{rel}","templated":true}]}}