{"id":5157,"date":"2014-11-28T11:02:23","date_gmt":"2014-11-28T14:02:23","guid":{"rendered":"http:\/\/grupotiempodigital.com.ar\/?p=5157"},"modified":"2014-11-28T11:02:23","modified_gmt":"2014-11-28T14:02:23","slug":"municipalidad-de-general-paz-remodelacion-y-ampliacion-de-la-unidad-sanitaria-de-loma-verde","status":"publish","type":"post","link":"https:\/\/grupotiempodigital.com.ar\/?p=5157","title":{"rendered":"Municipalidad de General Paz: REMODELACION Y AMPLIACION DE LA UNIDAD SANITARIA DE LOMA VERDE"},"content":{"rendered":"<p>Con una remodelaci\u00f3n y ampliaci\u00f3n total de 223 metros cuadrados, se llevan a cabo  obras en la Unidad Sanitaria de la localidad de Loma Verde<\/p>\n<p>En lo que respecta a la  remodelaci\u00f3n podemos informar que la misma alcanza la reparaci\u00f3n total de la construcci\u00f3n existente, m\u00e1s el cambio completo del techo de la unidad. <\/p>\n<p>Por su parte el edificio sanitario contar\u00e1 con una ampliaci\u00f3n  que a corto plazo,  dispondr\u00e1 de 6 nuevas habitaciones destinadas a consultorios,  salas y cochera; adem\u00e1s de la ampliaci\u00f3n de la sala de espera ya existente. Las tareas son llevadas a cabo por los constructores V\u00edctor y Jos\u00e9 De Andr\u00e9s.<\/p>\n<p><a href=\"https:\/\/grupotiempodigital.com.ar\/?attachment_id=5159\" rel=\"attachment wp-att-5159\"><img loading=\"lazy\" decoding=\"async\" src=\"https:\/\/grupotiempodigital.com.ar\/wp-content\/uploads\/2014\/11\/Remodelaci\u00f3n1.jpg\" alt=\"\" title=\"Remodelaci\u00f3n1\" width=\"388\" height=\"291\" class=\"alignleft size-full wp-image-5159\" srcset=\"https:\/\/grupotiempodigital.com.ar\/wp-content\/uploads\/2014\/11\/Remodelaci\u00f3n1.jpg 388w, https:\/\/grupotiempodigital.com.ar\/wp-content\/uploads\/2014\/11\/Remodelaci\u00f3n1-300x225.jpg 300w\" sizes=\"auto, (max-width: 388px) 100vw, 388px\" \/><\/a><\/p>\n","protected":false},"excerpt":{"rendered":"<p>Con una remodelaci\u00f3n y ampliaci\u00f3n total de 223 metros cuadrados, se llevan a cabo obras en la Unidad Sanitaria de<\/p>\n","protected":false},"author":3,"featured_media":5158,"comment_status":"open","ping_status":"open","sticky":false,"template":"","format":"standard","meta":{"colormag_page_container_layout":"default_layout","colormag_page_sidebar_layout":"default_layout","footnotes":""},"categories":[1],"tags":[],"class_list":["post-5157","post","type-post","status-publish","format-standard","has-post-thumbnail","hentry","category-actualidad"],"_links":{"self":[{"href":"https:\/\/grupotiempodigital.com.ar\/index.php?rest_route=\/wp\/v2\/posts\/5157","targetHints":{"allow":["GET"]}}],"collection":[{"href":"https:\/\/grupotiempodigital.com.ar\/index.php?rest_route=\/wp\/v2\/posts"}],"about":[{"href":"https:\/\/grupotiempodigital.com.ar\/index.php?rest_route=\/wp\/v2\/types\/post"}],"author":[{"embeddable":true,"href":"https:\/\/grupotiempodigital.com.ar\/index.php?rest_route=\/wp\/v2\/users\/3"}],"replies":[{"embeddable":true,"href":"https:\/\/grupotiempodigital.com.ar\/index.php?rest_route=%2Fwp%2Fv2%2Fcomments&post=5157"}],"version-history":[{"count":0,"href":"https:\/\/grupotiempodigital.com.ar\/index.php?rest_route=\/wp\/v2\/posts\/5157\/revisions"}],"wp:featuredmedia":[{"embeddable":true,"href":"https:\/\/grupotiempodigital.com.ar\/index.php?rest_route=\/wp\/v2\/media\/5158"}],"wp:attachment":[{"href":"https:\/\/grupotiempodigital.com.ar\/index.php?rest_route=%2Fwp%2Fv2%2Fmedia&parent=5157"}],"wp:term":[{"taxonomy":"category","embeddable":true,"href":"https:\/\/grupotiempodigital.com.ar\/index.php?rest_route=%2Fwp%2Fv2%2Fcategories&post=5157"},{"taxonomy":"post_tag","embeddable":true,"href":"https:\/\/grupotiempodigital.com.ar\/index.php?rest_route=%2Fwp%2Fv2%2Ftags&post=5157"}],"curies":[{"name":"wp","href":"https:\/\/api.w.org\/{rel}","templated":true}]}}