{"id":5152,"date":"2014-11-27T13:00:54","date_gmt":"2014-11-27T16:00:54","guid":{"rendered":"http:\/\/grupotiempodigital.com.ar\/?p=5152"},"modified":"2014-11-27T13:00:54","modified_gmt":"2014-11-27T16:00:54","slug":"destruccion-de-102-motos-y-cuatriciclos-secuestrados-hace-mas-de-un-ano-por-infracciones-en-chascomus","status":"publish","type":"post","link":"https:\/\/grupotiempodigital.com.ar\/?p=5152","title":{"rendered":"DESTRUCCION DE 102 MOTOS Y CUATRICICLOS  SECUESTRADOS HACE M\u00c1S DE UN A\u00d1O POR INFRACCIONES EN CHASCOM\u00daS"},"content":{"rendered":"<p>Informa la Municipalidad de Chascom\u00fas que en la ma\u00f1ana del este mi\u00e9rcoles se efectiviz\u00f3 la compactaci\u00f3n de un importante n\u00famero de ciclomotores, motocicletas y cuatriciclos, dando cumplimiento a lo determinado por la Ordenanza N\u00ba 4641\/13.<\/p>\n<p>Esa norma fija la adhesi\u00f3n del Municipio al r\u00e9gimen de las leyes 12.646 y su reglamentaci\u00f3n a trav\u00e9s del Decreto 979\/10, como sus modificatorias leyes 13.43, 13.727 sus reglamentaciones decretos 1980 y 3313 como la ley 14.207, referentes a la compactaci\u00f3n o destrucci\u00f3n de veh\u00edculos autopartes.<\/p>\n<p>Ante esta circunstancia, la Municipalidad de Chascom\u00fas dio cumplimiento a toda la normativa establecida, incluyendo que en el mes de diciembre de 2013 se publicaron los Edictos correspondientes, intimando a los titulares de veh\u00edculos que se encontraban secuestrados por infracciones de tr\u00e1nsito por m\u00e1s de un a\u00f1o a regularizar su situaci\u00f3n.<\/p>\n<p>Ante la negativa del cumplimiento del pago de infracciones se procedi\u00f3 ahora al traslado y compactaci\u00f3n de los rodados para su destrucci\u00f3n, previo retiro de bater\u00edas, aceites y combustibles, que fueron ciento dos, que fueron cargados en camiones municipales para ser trasladados al lugar donde se encontraba una unidad compactadota.<\/p>\n<p>Cabe consignar por otra parte que mediante el decreto N\u00ba 371\/14 se dispone la donaci\u00f3n de la chatarra a favor del Taller Protegido Esteban Echeverr\u00eda que dispondr\u00e1 el fin de los mismos.<\/p>\n<p>Por \u00faltimo se menciona que ya se ha comenzado a trabajar en un nuevo proceso de liquidaci\u00f3n de infracciones para avanzar con el cumplimiento de los pasos legales que lleven a efectivizar una nueva destrucci\u00f3n de este tipo de unidades.<\/p>\n<p>(Informaci\u00f3n del Bolet\u00edn de Prensa Municipal del 26-11-2014)<\/p>\n<p><a href=\"https:\/\/grupotiempodigital.com.ar\/?attachment_id=5154\" rel=\"attachment wp-att-5154\"><img loading=\"lazy\" decoding=\"async\" src=\"https:\/\/grupotiempodigital.com.ar\/wp-content\/uploads\/2014\/11\/compactacion1.jpg\" alt=\"\" title=\"compactacion1\" width=\"388\" height=\"259\" class=\"alignleft size-full wp-image-5154\" srcset=\"https:\/\/grupotiempodigital.com.ar\/wp-content\/uploads\/2014\/11\/compactacion1.jpg 388w, https:\/\/grupotiempodigital.com.ar\/wp-content\/uploads\/2014\/11\/compactacion1-300x200.jpg 300w\" sizes=\"auto, (max-width: 388px) 100vw, 388px\" \/><\/a><\/p>\n","protected":false},"excerpt":{"rendered":"<p>Informa la Municipalidad de Chascom\u00fas que en la ma\u00f1ana del este mi\u00e9rcoles se efectiviz\u00f3 la compactaci\u00f3n de un importante n\u00famero<\/p>\n","protected":false},"author":3,"featured_media":5153,"comment_status":"open","ping_status":"open","sticky":false,"template":"","format":"standard","meta":{"colormag_page_container_layout":"default_layout","colormag_page_sidebar_layout":"default_layout","footnotes":""},"categories":[1],"tags":[],"class_list":["post-5152","post","type-post","status-publish","format-standard","has-post-thumbnail","hentry","category-actualidad"],"_links":{"self":[{"href":"https:\/\/grupotiempodigital.com.ar\/index.php?rest_route=\/wp\/v2\/posts\/5152","targetHints":{"allow":["GET"]}}],"collection":[{"href":"https:\/\/grupotiempodigital.com.ar\/index.php?rest_route=\/wp\/v2\/posts"}],"about":[{"href":"https:\/\/grupotiempodigital.com.ar\/index.php?rest_route=\/wp\/v2\/types\/post"}],"author":[{"embeddable":true,"href":"https:\/\/grupotiempodigital.com.ar\/index.php?rest_route=\/wp\/v2\/users\/3"}],"replies":[{"embeddable":true,"href":"https:\/\/grupotiempodigital.com.ar\/index.php?rest_route=%2Fwp%2Fv2%2Fcomments&post=5152"}],"version-history":[{"count":0,"href":"https:\/\/grupotiempodigital.com.ar\/index.php?rest_route=\/wp\/v2\/posts\/5152\/revisions"}],"wp:featuredmedia":[{"embeddable":true,"href":"https:\/\/grupotiempodigital.com.ar\/index.php?rest_route=\/wp\/v2\/media\/5153"}],"wp:attachment":[{"href":"https:\/\/grupotiempodigital.com.ar\/index.php?rest_route=%2Fwp%2Fv2%2Fmedia&parent=5152"}],"wp:term":[{"taxonomy":"category","embeddable":true,"href":"https:\/\/grupotiempodigital.com.ar\/index.php?rest_route=%2Fwp%2Fv2%2Fcategories&post=5152"},{"taxonomy":"post_tag","embeddable":true,"href":"https:\/\/grupotiempodigital.com.ar\/index.php?rest_route=%2Fwp%2Fv2%2Ftags&post=5152"}],"curies":[{"name":"wp","href":"https:\/\/api.w.org\/{rel}","templated":true}]}}