{"id":5147,"date":"2014-11-27T11:10:09","date_gmt":"2014-11-27T14:10:09","guid":{"rendered":"http:\/\/grupotiempodigital.com.ar\/?p=5147"},"modified":"2014-11-27T11:10:09","modified_gmt":"2014-11-27T14:10:09","slug":"el-siasgo-manaos-presento-su-nueva-camiseta","status":"publish","type":"post","link":"https:\/\/grupotiempodigital.com.ar\/?p=5147","title":{"rendered":"El Siasgo Manaos present\u00f3 su nueva camiseta"},"content":{"rendered":"<p>Este jueves 27 de noviembre en horas de la ma\u00f1ana, en el despacho municipal con la presencia del Intendente Veramendi, el presidente de El Siasgo Cdor. Eliseo Sartini, el Subsecretario de Deportes Carlos Lamarque, el Secretario de la Producci\u00f3n Fernando Elichabe, dos de los integrantes del equipo de Pato, se\u00f1ores Eduardo de Araquistain y Marcelo Parodi, concejales y funcionarios qued\u00f3 presentada la nueva camiseta oficial de El Siasgo Manaos.<br \/>\nEl contador Sartini agradeci\u00f3 a las empresas Manaos y CEFA SRL, al Municipio de General Paz  como as\u00ed tambi\u00e9n a otras empresas que no figuran el la camiseta pero que tambi\u00e9n brindan su apoyo a esta instituci\u00f3n y a los medios de prensa por la difusi\u00f3n.<br \/>\nVale recordar que El Siasgo Manaos est\u00e1 disputando el 73\u00ba Campeonato Argentino de Pato en Campo de Mayo y que luego de algunas suspensiones debido a las inclemencias del tiempo, la fecha fue reprogramada jugando el equipo de General Paz este viernes en horas del mediod\u00eda y luego el s\u00e1bado por la tarde.<\/p>\n<p>(escuchar audio Eliseo Sartini y Juan C. Veramendi)<\/p>\n<p>Fotos: Eduardo de Araquistain y Marcelo Parodi.<\/p>\n<p><a href=\"https:\/\/grupotiempodigital.com.ar\/?attachment_id=5149\" rel=\"attachment wp-att-5149\"><img loading=\"lazy\" decoding=\"async\" src=\"https:\/\/grupotiempodigital.com.ar\/wp-content\/uploads\/2014\/11\/DE-ARAQUISTAIN.jpg\" alt=\"\" title=\"DE ARAQUISTAIN\" width=\"388\" height=\"582\" class=\"alignleft size-full wp-image-5149\" srcset=\"https:\/\/grupotiempodigital.com.ar\/wp-content\/uploads\/2014\/11\/DE-ARAQUISTAIN.jpg 388w, https:\/\/grupotiempodigital.com.ar\/wp-content\/uploads\/2014\/11\/DE-ARAQUISTAIN-199x300.jpg 199w\" sizes=\"auto, (max-width: 388px) 100vw, 388px\" \/><\/a><\/p>\n<p><a href=\"https:\/\/grupotiempodigital.com.ar\/?attachment_id=5150\" rel=\"attachment wp-att-5150\"><img loading=\"lazy\" decoding=\"async\" src=\"https:\/\/grupotiempodigital.com.ar\/wp-content\/uploads\/2014\/11\/PARODI.jpg\" alt=\"\" title=\"PARODI\" width=\"388\" height=\"582\" class=\"alignleft size-full wp-image-5150\" srcset=\"https:\/\/grupotiempodigital.com.ar\/wp-content\/uploads\/2014\/11\/PARODI.jpg 388w, https:\/\/grupotiempodigital.com.ar\/wp-content\/uploads\/2014\/11\/PARODI-199x300.jpg 199w\" sizes=\"auto, (max-width: 388px) 100vw, 388px\" \/><\/a><\/p>\n","protected":false},"excerpt":{"rendered":"<p>Este jueves 27 de noviembre en horas de la ma\u00f1ana, en el despacho municipal con la presencia del Intendente Veramendi,<\/p>\n","protected":false},"author":3,"featured_media":5148,"comment_status":"open","ping_status":"open","sticky":false,"template":"","format":"standard","meta":{"colormag_page_container_layout":"default_layout","colormag_page_sidebar_layout":"default_layout","footnotes":""},"categories":[1],"tags":[],"class_list":["post-5147","post","type-post","status-publish","format-standard","has-post-thumbnail","hentry","category-actualidad"],"_links":{"self":[{"href":"https:\/\/grupotiempodigital.com.ar\/index.php?rest_route=\/wp\/v2\/posts\/5147","targetHints":{"allow":["GET"]}}],"collection":[{"href":"https:\/\/grupotiempodigital.com.ar\/index.php?rest_route=\/wp\/v2\/posts"}],"about":[{"href":"https:\/\/grupotiempodigital.com.ar\/index.php?rest_route=\/wp\/v2\/types\/post"}],"author":[{"embeddable":true,"href":"https:\/\/grupotiempodigital.com.ar\/index.php?rest_route=\/wp\/v2\/users\/3"}],"replies":[{"embeddable":true,"href":"https:\/\/grupotiempodigital.com.ar\/index.php?rest_route=%2Fwp%2Fv2%2Fcomments&post=5147"}],"version-history":[{"count":0,"href":"https:\/\/grupotiempodigital.com.ar\/index.php?rest_route=\/wp\/v2\/posts\/5147\/revisions"}],"wp:featuredmedia":[{"embeddable":true,"href":"https:\/\/grupotiempodigital.com.ar\/index.php?rest_route=\/wp\/v2\/media\/5148"}],"wp:attachment":[{"href":"https:\/\/grupotiempodigital.com.ar\/index.php?rest_route=%2Fwp%2Fv2%2Fmedia&parent=5147"}],"wp:term":[{"taxonomy":"category","embeddable":true,"href":"https:\/\/grupotiempodigital.com.ar\/index.php?rest_route=%2Fwp%2Fv2%2Fcategories&post=5147"},{"taxonomy":"post_tag","embeddable":true,"href":"https:\/\/grupotiempodigital.com.ar\/index.php?rest_route=%2Fwp%2Fv2%2Ftags&post=5147"}],"curies":[{"name":"wp","href":"https:\/\/api.w.org\/{rel}","templated":true}]}}