{"id":51397,"date":"2026-02-04T16:50:28","date_gmt":"2026-02-04T19:50:28","guid":{"rendered":"https:\/\/grupotiempodigital.com.ar\/?p=51397"},"modified":"2026-02-04T16:50:29","modified_gmt":"2026-02-04T19:50:29","slug":"4-de-febrero-dia-mundial-contra-el-cancer","status":"publish","type":"post","link":"https:\/\/grupotiempodigital.com.ar\/?p=51397","title":{"rendered":"4 DE FEBRERO &#8211; D\u00eda Mundial contra el C\u00e1ncer."},"content":{"rendered":"\n<p class=\"has-medium-font-size\"><strong>Cada 4 de febrero se conmemora el D\u00eda Mundial contra el C\u00e1ncer, una fecha destinada a generar conciencia, promover la prevenci\u00f3n y reforzar la importancia del acceso al diagn\u00f3stico temprano, los tratamientos adecuados y el acompa\u00f1amiento integral de quienes atraviesan la enfermedad.<br \/>Por quienes no pudieron, por quienes luchan, nuestro compromiso y dedicaci\u00f3n.<\/strong><br \/><br \/><strong>LI.PO.L.C.C. RANCHOS<\/strong><\/p>\n\n\n\n<p><\/p>\n","protected":false},"excerpt":{"rendered":"<p>Cada 4 de febrero se conmemora el D\u00eda Mundial contra el C\u00e1ncer, una fecha destinada a generar conciencia, promover la<\/p>\n","protected":false},"author":3,"featured_media":51398,"comment_status":"open","ping_status":"open","sticky":false,"template":"","format":"standard","meta":{"colormag_page_container_layout":"default_layout","colormag_page_sidebar_layout":"default_layout","footnotes":""},"categories":[1],"tags":[],"class_list":["post-51397","post","type-post","status-publish","format-standard","has-post-thumbnail","hentry","category-actualidad"],"_links":{"self":[{"href":"https:\/\/grupotiempodigital.com.ar\/index.php?rest_route=\/wp\/v2\/posts\/51397","targetHints":{"allow":["GET"]}}],"collection":[{"href":"https:\/\/grupotiempodigital.com.ar\/index.php?rest_route=\/wp\/v2\/posts"}],"about":[{"href":"https:\/\/grupotiempodigital.com.ar\/index.php?rest_route=\/wp\/v2\/types\/post"}],"author":[{"embeddable":true,"href":"https:\/\/grupotiempodigital.com.ar\/index.php?rest_route=\/wp\/v2\/users\/3"}],"replies":[{"embeddable":true,"href":"https:\/\/grupotiempodigital.com.ar\/index.php?rest_route=%2Fwp%2Fv2%2Fcomments&post=51397"}],"version-history":[{"count":1,"href":"https:\/\/grupotiempodigital.com.ar\/index.php?rest_route=\/wp\/v2\/posts\/51397\/revisions"}],"predecessor-version":[{"id":51399,"href":"https:\/\/grupotiempodigital.com.ar\/index.php?rest_route=\/wp\/v2\/posts\/51397\/revisions\/51399"}],"wp:featuredmedia":[{"embeddable":true,"href":"https:\/\/grupotiempodigital.com.ar\/index.php?rest_route=\/wp\/v2\/media\/51398"}],"wp:attachment":[{"href":"https:\/\/grupotiempodigital.com.ar\/index.php?rest_route=%2Fwp%2Fv2%2Fmedia&parent=51397"}],"wp:term":[{"taxonomy":"category","embeddable":true,"href":"https:\/\/grupotiempodigital.com.ar\/index.php?rest_route=%2Fwp%2Fv2%2Fcategories&post=51397"},{"taxonomy":"post_tag","embeddable":true,"href":"https:\/\/grupotiempodigital.com.ar\/index.php?rest_route=%2Fwp%2Fv2%2Ftags&post=51397"}],"curies":[{"name":"wp","href":"https:\/\/api.w.org\/{rel}","templated":true}]}}