{"id":51394,"date":"2026-02-04T11:24:17","date_gmt":"2026-02-04T14:24:17","guid":{"rendered":"https:\/\/grupotiempodigital.com.ar\/?p=51394"},"modified":"2026-02-04T11:24:59","modified_gmt":"2026-02-04T14:24:59","slug":"la-jefatura-de-policia-de-seguridad-comunal-gral-paz-informa-68","status":"publish","type":"post","link":"https:\/\/grupotiempodigital.com.ar\/?p=51394","title":{"rendered":"LA JEFATURA DE POLIC\u00cdA DE SEGURIDAD COMUNAL GRAL. PAZ INFORMA"},"content":{"rendered":"\n<p><em><strong>Parte de prensa del 04\/02\/2026<\/strong><\/em><br \/>Se informa a los Medios de Comunicaci\u00f3n Locales, que con fecha 29\/01\/2026, personal de Comisar\u00eda Local juntamente con Comisar\u00eda de la Mujer y la Familia, efectuaron un allanamiento, en vivienda sita sobre calle (75) de este medio, donde se procedi\u00f3 al secuestro de cincuenta microdosis de clorhidrato de coca\u00edna, arrojando un pesaje de veinte gramos en su totalidad, c\u00f3mo tambi\u00e9n se hall\u00f3 en el fondo de la vivienda, tres plantas de marihuana, no hallandose al momento de la irrupci\u00f3n el morador de la vivienda, disponiendo Fiscal\u00eda interviniente diligencias judiciales en el marco de dicha investigaci\u00f3n. <br \/>Tomando injerencia UFID de Brandsen.. <br \/><strong>Fdo. Crio. Mayor Lucas Adri\u00e1n Andersen <\/strong><br \/><strong>Jefe Polic\u00eda Seguridad Comunal Gral Paz.<\/strong><\/p>\n\n\n\n<figure class=\"wp-block-image size-full\"><img loading=\"lazy\" decoding=\"async\" width=\"708\" height=\"944\" src=\"https:\/\/grupotiempodigital.com.ar\/wp-content\/uploads\/2026\/02\/policia-04022026.jpg\" alt=\"\" class=\"wp-image-51395\" srcset=\"https:\/\/grupotiempodigital.com.ar\/wp-content\/uploads\/2026\/02\/policia-04022026.jpg 708w, https:\/\/grupotiempodigital.com.ar\/wp-content\/uploads\/2026\/02\/policia-04022026-225x300.jpg 225w\" sizes=\"auto, (max-width: 708px) 100vw, 708px\" \/><\/figure>\n","protected":false},"excerpt":{"rendered":"<p>Parte de prensa del 04\/02\/2026Se informa a los Medios de Comunicaci\u00f3n Locales, que con fecha 29\/01\/2026, personal de Comisar\u00eda Local<\/p>\n","protected":false},"author":3,"featured_media":51395,"comment_status":"open","ping_status":"open","sticky":false,"template":"","format":"standard","meta":{"colormag_page_container_layout":"default_layout","colormag_page_sidebar_layout":"default_layout","footnotes":""},"categories":[1],"tags":[],"class_list":["post-51394","post","type-post","status-publish","format-standard","has-post-thumbnail","hentry","category-actualidad"],"_links":{"self":[{"href":"https:\/\/grupotiempodigital.com.ar\/index.php?rest_route=\/wp\/v2\/posts\/51394","targetHints":{"allow":["GET"]}}],"collection":[{"href":"https:\/\/grupotiempodigital.com.ar\/index.php?rest_route=\/wp\/v2\/posts"}],"about":[{"href":"https:\/\/grupotiempodigital.com.ar\/index.php?rest_route=\/wp\/v2\/types\/post"}],"author":[{"embeddable":true,"href":"https:\/\/grupotiempodigital.com.ar\/index.php?rest_route=\/wp\/v2\/users\/3"}],"replies":[{"embeddable":true,"href":"https:\/\/grupotiempodigital.com.ar\/index.php?rest_route=%2Fwp%2Fv2%2Fcomments&post=51394"}],"version-history":[{"count":1,"href":"https:\/\/grupotiempodigital.com.ar\/index.php?rest_route=\/wp\/v2\/posts\/51394\/revisions"}],"predecessor-version":[{"id":51396,"href":"https:\/\/grupotiempodigital.com.ar\/index.php?rest_route=\/wp\/v2\/posts\/51394\/revisions\/51396"}],"wp:featuredmedia":[{"embeddable":true,"href":"https:\/\/grupotiempodigital.com.ar\/index.php?rest_route=\/wp\/v2\/media\/51395"}],"wp:attachment":[{"href":"https:\/\/grupotiempodigital.com.ar\/index.php?rest_route=%2Fwp%2Fv2%2Fmedia&parent=51394"}],"wp:term":[{"taxonomy":"category","embeddable":true,"href":"https:\/\/grupotiempodigital.com.ar\/index.php?rest_route=%2Fwp%2Fv2%2Fcategories&post=51394"},{"taxonomy":"post_tag","embeddable":true,"href":"https:\/\/grupotiempodigital.com.ar\/index.php?rest_route=%2Fwp%2Fv2%2Ftags&post=51394"}],"curies":[{"name":"wp","href":"https:\/\/api.w.org\/{rel}","templated":true}]}}