{"id":5131,"date":"2014-11-26T18:07:41","date_gmt":"2014-11-26T21:07:41","guid":{"rendered":"http:\/\/grupotiempodigital.com.ar\/?p=5131"},"modified":"2014-12-17T18:23:10","modified_gmt":"2014-12-17T21:23:10","slug":"nacho-orona-este-es-el-gran-sueno-cumplido-llegar-a-jugar-en-el-futbol-mas-grande-de-la-argentina","status":"publish","type":"post","link":"https:\/\/grupotiempodigital.com.ar\/?p=5131","title":{"rendered":"Nacho Oron\u00e1: \u201cEste es el gran sue\u00f1o cumplido: llegar a jugar en el f\u00fatbol mas grande de la Argentina\u201d"},"content":{"rendered":"<p>Ignacio \u201cNacho\u201d Oron\u00e1, el hijo de los rancheros el hijo del \u201cChinito\u201d Edgardo Oron\u00e1 y Ana Pereyra, result\u00f3 factor decisivo en la formaci\u00f3n de Temperley que bajo el mando de Ricardo Rezza y apenas seis meses despu\u00e9s de haber ascendido a la B Nacional, logr\u00f3 este lunes el ascenso a la primera A restando dos fechas para terminar el torneo.-<br \/>\nEste mi\u00e9rcoles, Nacho mantuvo un prolongado di\u00e1logo en las radios de TIEMPO (La palabra fm de Ranchos y L. del Sur 90.1 de Chascom\u00fas) en el que record\u00f3 que \u201c hace un a\u00f1o y medio me hicieron una nota antes de la final de V. San Carlos y me dijeron que me dar\u00eda suerte. Ganamos esa final y logramos el ascenso con la Villa\u201d record\u00f3 al comenzar la charla, reci\u00e9n finalizado el duro entrenamiento matutino.-<br \/>\n\u201cDe Villa pas\u00e9 al f\u00fatbol chileno en la temporada pasada y los primeros seis meses me fue bien y jugu\u00e9 contra todos los grandes como la U y Colo Colo, pero luego tuve un a lesi\u00f3n y perd\u00ed continuidad. Por eso este a\u00f1o volv\u00ed tratando de encontrar equipo en la Argentina\u201d explica Nacho.-<br \/>\nEl gasolero de la Avda. 9 de julio es uno de los equipos mas convocantes del ascenso y es habitual encontrar hinchas del celeste en el interior y pueblos como los de esta regi\u00f3n. Fundado en 1912 tiene varios hechos que lo hacen un club muy especial.- Lleg\u00f3 a primera divisi\u00f3n en 1974 y 1982 cuando se prendi\u00f3 en instancias finales del Metropolitano (1983) donde hizo un notable partido ante River que finalmente ganar\u00eda Independiente.- Pero tambi\u00e9n supo de la quiebra, la p\u00e9rdida de las categor\u00edas y estar al borde de la desaparici\u00f3n.- Cerrado durante tres temporadas, lo retorn\u00f3 un grupo de socios y poco despu\u00e9s tuvo como presidenta a una mujer, la Dra. Edith Pecorelli en 1996 en el \u00fanico caso que registra el f\u00fatbol profesional en la Argentina de una dama al frente de un club.<br \/>\nNacho recuerda su regreso al pa\u00eds luego de su paso por Uni\u00f3n La Calera del pa\u00eds trasandino. \u201c Rezza tuvo mucho que ver porque me dio el visto bueno para ir a Temperley que reci\u00e9n ascend\u00eda de la B metropolitana. Creo que hice una buena pretemporada y all\u00ed gan\u00e9 una parte del puesto. En el debut la pasamos muy mal ante Hurac\u00e1n que nos gole\u00f3 y nos hizo replantear varias cuestiones. Luego el equipo fue creciendo y ah\u00ed levantamos todos. Tenemos dos enanos que se corren todo, dos goleadores y el resto ponemos lo que nos pide el entrenador\u2026.\u201d<br \/>\nVolante central, con mucha elegancia, tambi\u00e9n sabe del sacrificio cuando hace falta. \u201cClaro        que nunca pensamos que faltando dos fechas estar\u00edamos ascendidos ( el lunes le ganaron a All Boys 3 a 1 y sacaron nueve puntos de ventaja a los que pueden clasificar en el \u00faltimo escal\u00f3n del ascenso ) y con 32 puntos son segundos en el grupo B que ya ascendi\u00f3 a Uni\u00f3n de Santa F\u00e9.- Esta es la campa\u00f1a del gasolero  32 Pts. \u2013 19 j \u2013 10 g \u2013 2 e- 7 p- 21gf- 23 gc- -2 dg.-<br \/>\n\u201cMe est\u00e1n contando mi familia en Ranchos, la familia Quetgles, mi t\u00eda Isabel en Chascom\u00fas\u2026.todos est\u00e1n muy felices y juntando todo lo que se publica\u201d dice y responde:<br \/>\n\u201cMi pase pertenece a Temperley hasta diciembre de 2015 as\u00ed que a jugar estos dos partidos y prepararnos para la primera divisi\u00f3n. Es el gran sue\u00f1o de todo jugador de f\u00fatbol: llegar a primera y jugar contra Boca, River, Racing, San Lorenzo, Independiente y todos los grandes. Yo jugu\u00e9 primera en Chile y ac\u00e1 en todas las categor\u00edas, pero me faltaba llegar a la primera\u2026..\u201d<br \/>\nEn otros pasajes vuelve a reconocer a Rezza (el entrenador de Berisso que ya logr\u00f3 seis ascensos en el pa\u00eds ) y mand\u00f3 \u201c un fuerte abrazo a Nico Castro. Fuimos compa\u00f1eros ( en Gimnasia) y me alegra mucho que haya ascendido los otros d\u00edas a la Nacional B con Uni\u00f3n. Espero encontrarnos pronto porque es un gran amigo\u201d.-<br \/>\nY al final una broma de futuro: \u201c\u00bf Estar\u00eda bueno que cuando decidan largar, juntarlos a vos, a Nico y alg\u00fan otro bueno que anda buscando f\u00fatbol grande en un equipo de Ranchos para tratar de ganar un t\u00edtulo en la Liga Chascomunense? le preguntamos.- \u201c Ser\u00eda b\u00e1rbaro y jugar esos cl\u00e1sicos contra Chascom\u00fas, donde mi t\u00eda hinchar\u00eda para Chascom\u00fas pero con Nico defender\u00edamos nuestras ra\u00edces rancheras\u201d.-<br \/>\nEn el saludo final no falt\u00f3 ni \u201cel t\u00edo que est\u00e1 en Neuqu\u00e9n\u201d (Roberto, el chino Oron\u00e1).-<\/p>\n<p>A continuaci\u00f3n la entrevista que le hizo el diario La Uni\u00f3n de Lomas este mi\u00e9rcoles:<\/p>\n<p>Nacho Oron\u00e1, una barrera en el medio del Gasolero<\/p>\n<p>Lo trajo Rezza y el volante le dio resultado. El ex San Carlos cumplir\u00e1 su sue\u00f1o de jugar en Primera Divisi\u00f3n.<\/p>\n<p>Ignacio Oron\u00e1 fue uno de los pilares del mediocampo gasolero para conseguir el ascenso. Un jugador al que Ricardo Rezza lo trajo y confi\u00f3 ciegamente, dado que ya lo conoc\u00eda de Villa San Carlos, donde tambi\u00e9n consigui\u00f3 ascender.<br \/>\nSurgido de las inferiores de Gimnasia y Esgrima La Plata, el mediocampista central debi\u00f3 emigrar a San Carlos para tener continuidad, y luego tuvo un paso en Uni\u00f3n La Calera de Chile, antes de volver al pa\u00eds para calzarse la Celeste y conseguir subir a Primera.<br \/>\n-\u00bfQu\u00e9 balance haces de la campa\u00f1a?<br \/>\n-No nos quisimos bajar en ning\u00fan momento, es por eso que la peleamos hasta el final a pesar de tener nuestros bajones, porque sab\u00edamos que este grupo estaba preparado para encarar el desaf\u00edo.<br \/>\n-\u00bfCu\u00e1l fue el momento m\u00e1s duro?<br \/>\n-Uno se acuerda del primer p a r t i d o que jugamos en la categor\u00eda (el Celeste cay\u00f3 derrotado en el Tom\u00e1s Duc\u00f3 por 3-0 ante Hurac\u00e1n) y lo cierto que fue en ese momento todos dudamos y no sab\u00edamos si est\u00e1bamos capacitados para asumir este desaf\u00edo, hasta dec\u00edan que el Globo se iba a comer la categor\u00eda y le iba a sobrar para ganar el torneo y hoy las cosas son muy diferentes.<br \/>\n-\u00bfD\u00f3nde estuvo el quiebre?<br \/>\n-Esto se dio con trabajo, con ganas de entrenar siempre, es un grupo muy humilde, con varios jugadores que vienen de estar en la B Metropolitana. Lo cierto es que ten\u00edamos que hacer un click, se nos dio y terminamos jugando los m\u00e1s grandes. Adem\u00e1s, Ricardo (Rezza) tiene una gran experiencia y conocimiento del equipo.<br \/>\n-\u00bfTiene un sabor diferente este logro?<br \/>\n-Este es mi tercer ascenso y tengo una gran alegr\u00eda. Esto vale mucho, en mi caso la vengo peleando desde abajo, del ascenso, me toc\u00f3 lograr el ascenso a la B Metropolitana, luego a la B Nacional y hoy me toca subir a la Primera Divisi\u00f3n, y en la Argentina ser\u00e1 la primera ocasi\u00f3n en la que me toque jugar.<br \/>\n-\u00bfLo valoras m\u00e1s?<br \/>\n-En las categor\u00edas de abajo, todos los jugadores hacemos grandes sacrificios, y a medida que se baja m\u00e1s, todo se multiplica. Pero a la larga, todo lo que uno entrega tiene sus frutos.<br \/>\n-\u00bfCu\u00e1les fueron las bases?<br \/>\n-Hubo mucho orden, trabajo en silencio, esfuerzo, el apoyo de la gente y que tambi\u00e9n pudimos sumar algunos puntos importantes fuera de casa. Tambi\u00e9n es cierto que nos tocaron cachetazos y la sufrimos, pero nos despabilamos a tiempo y con todos los puntos que sumamos, hoy podemos estar en Primera.<\/p>\n<p>(escuchar entrevista a Ignacio Oron\u00e1)<br \/>\n<object id=\"player3784889\" width=\"240\" height=\"133\" type=\"application\/x-shockwave-flash\" data=\"http:\/\/www.ivoox.com\/playerivoox_ee_3784889_1.html\"><param name=\"movie\" value=\"http:\/\/www.ivoox.com\/playerivoox_ee_3784889_1.html\"><\/param><param name=\"AllowScriptAccess\" value=\"always\"><\/param><param name=\"allowFullScreen\" value=\"true\"><\/param><param name=\"wmode\" value=\"transparent\"><\/param><embed src=\"http:\/\/www.ivoox.com\/playerivoox_ee_3784889_1.html\" type=\"application\/x-shockwave-flash\" allowfullscreen=\"true\" wmode=\"transparent\" allowscriptaccess=\"always\" width=\"240\" height=\"133\"><\/embed><\/object><\/p>\n<p><a href=\"https:\/\/grupotiempodigital.com.ar\/?attachment_id=5135\" rel=\"attachment wp-att-5135\"><img loading=\"lazy\" decoding=\"async\" src=\"https:\/\/grupotiempodigital.com.ar\/wp-content\/uploads\/2014\/11\/ORONA1.jpg\" alt=\"\" title=\"ORONA1\" width=\"388\" height=\"291\" class=\"alignleft size-full wp-image-5135\" srcset=\"https:\/\/grupotiempodigital.com.ar\/wp-content\/uploads\/2014\/11\/ORONA1.jpg 388w, https:\/\/grupotiempodigital.com.ar\/wp-content\/uploads\/2014\/11\/ORONA1-300x225.jpg 300w\" sizes=\"auto, (max-width: 388px) 100vw, 388px\" \/><\/a><\/p>\n<p><a href=\"https:\/\/grupotiempodigital.com.ar\/?attachment_id=5136\" rel=\"attachment wp-att-5136\"><img loading=\"lazy\" decoding=\"async\" src=\"https:\/\/grupotiempodigital.com.ar\/wp-content\/uploads\/2014\/11\/ascenso-celeste.jpg\" alt=\"\" title=\"ascenso celeste\" width=\"229\" height=\"220\" class=\"alignleft size-full wp-image-5136\" \/><\/a><\/p>\n","protected":false},"excerpt":{"rendered":"<p>Ignacio \u201cNacho\u201d Oron\u00e1, el hijo de los rancheros el hijo del \u201cChinito\u201d Edgardo Oron\u00e1 y Ana Pereyra, result\u00f3 factor decisivo<\/p>\n","protected":false},"author":3,"featured_media":5132,"comment_status":"open","ping_status":"open","sticky":false,"template":"","format":"standard","meta":{"colormag_page_container_layout":"default_layout","colormag_page_sidebar_layout":"default_layout","footnotes":""},"categories":[1],"tags":[],"class_list":["post-5131","post","type-post","status-publish","format-standard","has-post-thumbnail","hentry","category-actualidad"],"_links":{"self":[{"href":"https:\/\/grupotiempodigital.com.ar\/index.php?rest_route=\/wp\/v2\/posts\/5131","targetHints":{"allow":["GET"]}}],"collection":[{"href":"https:\/\/grupotiempodigital.com.ar\/index.php?rest_route=\/wp\/v2\/posts"}],"about":[{"href":"https:\/\/grupotiempodigital.com.ar\/index.php?rest_route=\/wp\/v2\/types\/post"}],"author":[{"embeddable":true,"href":"https:\/\/grupotiempodigital.com.ar\/index.php?rest_route=\/wp\/v2\/users\/3"}],"replies":[{"embeddable":true,"href":"https:\/\/grupotiempodigital.com.ar\/index.php?rest_route=%2Fwp%2Fv2%2Fcomments&post=5131"}],"version-history":[{"count":0,"href":"https:\/\/grupotiempodigital.com.ar\/index.php?rest_route=\/wp\/v2\/posts\/5131\/revisions"}],"wp:featuredmedia":[{"embeddable":true,"href":"https:\/\/grupotiempodigital.com.ar\/index.php?rest_route=\/wp\/v2\/media\/5132"}],"wp:attachment":[{"href":"https:\/\/grupotiempodigital.com.ar\/index.php?rest_route=%2Fwp%2Fv2%2Fmedia&parent=5131"}],"wp:term":[{"taxonomy":"category","embeddable":true,"href":"https:\/\/grupotiempodigital.com.ar\/index.php?rest_route=%2Fwp%2Fv2%2Fcategories&post=5131"},{"taxonomy":"post_tag","embeddable":true,"href":"https:\/\/grupotiempodigital.com.ar\/index.php?rest_route=%2Fwp%2Fv2%2Ftags&post=5131"}],"curies":[{"name":"wp","href":"https:\/\/api.w.org\/{rel}","templated":true}]}}