{"id":5123,"date":"2014-11-26T16:28:18","date_gmt":"2014-11-26T19:28:18","guid":{"rendered":"http:\/\/grupotiempodigital.com.ar\/?p=5123"},"modified":"2014-11-26T16:29:05","modified_gmt":"2014-11-26T19:29:05","slug":"el-centro-de-desarrollo-universitario-regional-del-salado-sede-ranchos-tiene-sus-primeros-egresados","status":"publish","type":"post","link":"https:\/\/grupotiempodigital.com.ar\/?p=5123","title":{"rendered":"El Centro de Desarrollo Universitario Regional del Salado (sede Ranchos) tiene sus primeros egresados"},"content":{"rendered":"<p>El pasado s\u00e1bado en horas del mediod\u00eda, con la conducci\u00f3n de la se\u00f1ora Norma Moyano (Secretaria del Centro Universitario), se realiz\u00f3 el acto de graduaci\u00f3n en la Sala de Conferencias de la Escuela Secundaria n\u00b02 (donde se dictan las clases) de los primeros egresados del Centro de Desarrollo Universitario Regional del Salado.<br \/>\nEl mismo cont\u00f3 con la presencia de autoridades de la UCES (Universidad de Ciencias Empresariales y Comerciales), el director de la sede Prof. Hern\u00e1n L\u00e1zaro, el Intendente Juan C. Veramendi, el Secretario de Promoci\u00f3n del Desarrollo y Turismo Fernando Elichabe, concejales, concejeros escolares, dem\u00e1s autoridades municipales, educativas, alumnos, familiares y medios de prensa.<br \/>\nTras el ingreso de las banderas de ceremonia, la bienvenida estuvo a cargo del Prof. Hern\u00e1n L\u00e1zaro quien tuvo palabras de agradecimiento y las felicitaciones para estos primeros egresados<br \/>\nLuego el  Vice Decano de la UCES Prof. Jos\u00e9 Flieguer, destac\u00f3 lo importante que es tener en los distritos sedes de este tipo y tambi\u00e9n realiz\u00f3 una recorrida contando los inicios de dicha Universidad.<br \/>\nA su turno el Intendente Veramendi dijo \u201csentirse feliz por estar realizando este acto, ya que en el a\u00f1o 2007 cuando yo lo dec\u00eda, muy pocos me cre\u00edan\u201d, y agradeci\u00f3 tambi\u00e9n a todos los que trabajaron para que hoy este proyecto sea una realidad.<br \/>\nSon diez los primeros egresados de estas diplomaturas y ellos son:<br \/>\n*En Comercio Exterior: Volpone Luciano, Bais Carlos, Luna Paula, Escudero, Dalma, Altuna Mar\u00eda Florencia.<br \/>\n*En Herramienta Web: Reader Vanesa, Lebrero Mar\u00eda, Kelsey Juan, Bozzano Eugenio, Rassetti Guillermo.<br \/>\nLos egresados recibieron diplomas por parte de los coordinadores, y obsequios de la Municipalidad de General Paz, que fueron entregados por los Concejales presentes.<br \/>\nEl se\u00f1or Carlos Bais tuvo palabras emotivas, las que realiz\u00f3 en nombre de sus compa\u00f1eros y los egresados de Comercio Exterior entregaron una placa al coordinador de la carrera Marcelo Vaccaro.<\/p>\n<p><a href=\"https:\/\/grupotiempodigital.com.ar\/?attachment_id=5125\" rel=\"attachment wp-att-5125\"><img loading=\"lazy\" decoding=\"async\" src=\"https:\/\/grupotiempodigital.com.ar\/wp-content\/uploads\/2014\/11\/Egresados.jpg\" alt=\"\" title=\"Egresados\" width=\"388\" height=\"259\" class=\"alignleft size-full wp-image-5125\" srcset=\"https:\/\/grupotiempodigital.com.ar\/wp-content\/uploads\/2014\/11\/Egresados.jpg 388w, https:\/\/grupotiempodigital.com.ar\/wp-content\/uploads\/2014\/11\/Egresados-300x200.jpg 300w\" sizes=\"auto, (max-width: 388px) 100vw, 388px\" \/><\/a><\/p>\n<p><a href=\"https:\/\/grupotiempodigital.com.ar\/?attachment_id=5126\" rel=\"attachment wp-att-5126\"><img loading=\"lazy\" decoding=\"async\" src=\"https:\/\/grupotiempodigital.com.ar\/wp-content\/uploads\/2014\/11\/Egresados1.jpg\" alt=\"\" title=\"Egresados1\" width=\"388\" height=\"259\" class=\"alignleft size-full wp-image-5126\" srcset=\"https:\/\/grupotiempodigital.com.ar\/wp-content\/uploads\/2014\/11\/Egresados1.jpg 388w, https:\/\/grupotiempodigital.com.ar\/wp-content\/uploads\/2014\/11\/Egresados1-300x200.jpg 300w\" sizes=\"auto, (max-width: 388px) 100vw, 388px\" \/><\/a><\/p>\n","protected":false},"excerpt":{"rendered":"<p>El pasado s\u00e1bado en horas del mediod\u00eda, con la conducci\u00f3n de la se\u00f1ora Norma Moyano (Secretaria del Centro Universitario), se<\/p>\n","protected":false},"author":3,"featured_media":5124,"comment_status":"open","ping_status":"open","sticky":false,"template":"","format":"standard","meta":{"colormag_page_container_layout":"default_layout","colormag_page_sidebar_layout":"default_layout","footnotes":""},"categories":[1],"tags":[],"class_list":["post-5123","post","type-post","status-publish","format-standard","has-post-thumbnail","hentry","category-actualidad"],"_links":{"self":[{"href":"https:\/\/grupotiempodigital.com.ar\/index.php?rest_route=\/wp\/v2\/posts\/5123","targetHints":{"allow":["GET"]}}],"collection":[{"href":"https:\/\/grupotiempodigital.com.ar\/index.php?rest_route=\/wp\/v2\/posts"}],"about":[{"href":"https:\/\/grupotiempodigital.com.ar\/index.php?rest_route=\/wp\/v2\/types\/post"}],"author":[{"embeddable":true,"href":"https:\/\/grupotiempodigital.com.ar\/index.php?rest_route=\/wp\/v2\/users\/3"}],"replies":[{"embeddable":true,"href":"https:\/\/grupotiempodigital.com.ar\/index.php?rest_route=%2Fwp%2Fv2%2Fcomments&post=5123"}],"version-history":[{"count":0,"href":"https:\/\/grupotiempodigital.com.ar\/index.php?rest_route=\/wp\/v2\/posts\/5123\/revisions"}],"wp:featuredmedia":[{"embeddable":true,"href":"https:\/\/grupotiempodigital.com.ar\/index.php?rest_route=\/wp\/v2\/media\/5124"}],"wp:attachment":[{"href":"https:\/\/grupotiempodigital.com.ar\/index.php?rest_route=%2Fwp%2Fv2%2Fmedia&parent=5123"}],"wp:term":[{"taxonomy":"category","embeddable":true,"href":"https:\/\/grupotiempodigital.com.ar\/index.php?rest_route=%2Fwp%2Fv2%2Fcategories&post=5123"},{"taxonomy":"post_tag","embeddable":true,"href":"https:\/\/grupotiempodigital.com.ar\/index.php?rest_route=%2Fwp%2Fv2%2Ftags&post=5123"}],"curies":[{"name":"wp","href":"https:\/\/api.w.org\/{rel}","templated":true}]}}