{"id":5112,"date":"2014-11-26T11:31:17","date_gmt":"2014-11-26T14:31:17","guid":{"rendered":"http:\/\/grupotiempodigital.com.ar\/?p=5112"},"modified":"2014-11-26T11:34:38","modified_gmt":"2014-11-26T14:34:38","slug":"encuentro-ganadero-en-paraje-cancha-de-pollio","status":"publish","type":"post","link":"https:\/\/grupotiempodigital.com.ar\/?p=5112","title":{"rendered":"ENCUENTRO GANADERO EN PARAJE CANCHA DE POLLIO"},"content":{"rendered":"<p>Pensando juntos que hacer con nuestros campos &#8230;.<\/p>\n<p>FECHA: Jueves 27 de noviembre de 2014 &#8211; A partir de las 10.00 <\/p>\n<p>LUGAR: Campo \u201cLas Golondrinas\u201d (Paraje Cancha de Pollio)<\/p>\n<p>Entrada libre y gratu\u00edta<\/p>\n<p>Informes e Inscripci\u00f3n: Secretar\u00eda de Producci\u00f3n Municipalidad de General Paz<br \/>\nEmail: produccionranchos@yahoo.com.ar<br \/>\nTE: 02241-15494184 \/ 02241-15535606<\/p>\n<p>INVITAN: <\/p>\n<p><a href=\"https:\/\/grupotiempodigital.com.ar\/?attachment_id=5118\" rel=\"attachment wp-att-5118\"><img loading=\"lazy\" decoding=\"async\" src=\"https:\/\/grupotiempodigital.com.ar\/wp-content\/uploads\/2014\/11\/INTA1.jpg\" alt=\"\" title=\"INTA\" width=\"169\" height=\"190\" class=\"alignleft size-full wp-image-5118\" \/><\/a><\/p>\n<p><a href=\"https:\/\/grupotiempodigital.com.ar\/?attachment_id=5119\" rel=\"attachment wp-att-5119\"><img loading=\"lazy\" decoding=\"async\" src=\"https:\/\/grupotiempodigital.com.ar\/wp-content\/uploads\/2014\/11\/Municipalidad-1.jpg\" alt=\"\" title=\"Municipalidad 1\" width=\"169\" height=\"201\" class=\"alignleft size-full wp-image-5119\" \/><\/a><\/p>\n<p><a href=\"https:\/\/grupotiempodigital.com.ar\/?attachment_id=5120\" rel=\"attachment wp-att-5120\"><img loading=\"lazy\" decoding=\"async\" src=\"https:\/\/grupotiempodigital.com.ar\/wp-content\/uploads\/2014\/11\/Sociedad-Rural-1.jpg\" alt=\"\" title=\"Sociedad Rural 1\" width=\"169\" height=\"169\" class=\"alignleft size-full wp-image-5120\" srcset=\"https:\/\/grupotiempodigital.com.ar\/wp-content\/uploads\/2014\/11\/Sociedad-Rural-1.jpg 169w, https:\/\/grupotiempodigital.com.ar\/wp-content\/uploads\/2014\/11\/Sociedad-Rural-1-150x150.jpg 150w\" sizes=\"auto, (max-width: 169px) 100vw, 169px\" \/><\/a><\/p>\n","protected":false},"excerpt":{"rendered":"<p>Pensando juntos que hacer con nuestros campos &#8230;. FECHA: Jueves 27 de noviembre de 2014 &#8211; A partir de las<\/p>\n","protected":false},"author":3,"featured_media":0,"comment_status":"open","ping_status":"open","sticky":false,"template":"","format":"standard","meta":{"colormag_page_container_layout":"default_layout","colormag_page_sidebar_layout":"default_layout","footnotes":""},"categories":[1],"tags":[],"class_list":["post-5112","post","type-post","status-publish","format-standard","hentry","category-actualidad"],"_links":{"self":[{"href":"https:\/\/grupotiempodigital.com.ar\/index.php?rest_route=\/wp\/v2\/posts\/5112","targetHints":{"allow":["GET"]}}],"collection":[{"href":"https:\/\/grupotiempodigital.com.ar\/index.php?rest_route=\/wp\/v2\/posts"}],"about":[{"href":"https:\/\/grupotiempodigital.com.ar\/index.php?rest_route=\/wp\/v2\/types\/post"}],"author":[{"embeddable":true,"href":"https:\/\/grupotiempodigital.com.ar\/index.php?rest_route=\/wp\/v2\/users\/3"}],"replies":[{"embeddable":true,"href":"https:\/\/grupotiempodigital.com.ar\/index.php?rest_route=%2Fwp%2Fv2%2Fcomments&post=5112"}],"version-history":[{"count":0,"href":"https:\/\/grupotiempodigital.com.ar\/index.php?rest_route=\/wp\/v2\/posts\/5112\/revisions"}],"wp:attachment":[{"href":"https:\/\/grupotiempodigital.com.ar\/index.php?rest_route=%2Fwp%2Fv2%2Fmedia&parent=5112"}],"wp:term":[{"taxonomy":"category","embeddable":true,"href":"https:\/\/grupotiempodigital.com.ar\/index.php?rest_route=%2Fwp%2Fv2%2Fcategories&post=5112"},{"taxonomy":"post_tag","embeddable":true,"href":"https:\/\/grupotiempodigital.com.ar\/index.php?rest_route=%2Fwp%2Fv2%2Ftags&post=5112"}],"curies":[{"name":"wp","href":"https:\/\/api.w.org\/{rel}","templated":true}]}}