{"id":5101,"date":"2014-11-23T19:52:42","date_gmt":"2014-11-23T22:52:42","guid":{"rendered":"http:\/\/grupotiempodigital.com.ar\/?p=5101"},"modified":"2014-12-02T17:34:48","modified_gmt":"2014-12-02T20:34:48","slug":"j-gobbi-los-radicales-nos-sentimos-enfermos-nos-medimos-temperatura-de-42-y-en-lugar-de-buscar-cura-tiramos-el-termometro","status":"publish","type":"post","link":"https:\/\/grupotiempodigital.com.ar\/?p=5101","title":{"rendered":"J. Gobbi: \u201c Los radicales nos sentimos enfermos, nos medimos temperatura de 42 \u00b0 y en lugar de buscar cura tiramos el term\u00f3metro\u201d"},"content":{"rendered":"<p>Tras el acto de presentaci\u00f3n de propuestas del jueves pasado para la obra de extensi\u00f3n de agua corriente y la firma de un convenio con el Spar, el intendente Juan A. Gobbi dialog\u00f3 extensamente por Libres del Sur fm ( 90.1 Mhz) en la ma\u00f1ana del jueves.- \u201c Fue una reuni\u00f3n muy importante con el presidente del SPAR. Venimos trabajando hace mucho tiempo antes de asumir el gobierno para estas dos obras pendientes que tiene Chascom\u00fas que es mejorar sus servicios de Agua y Cloacas en varios barrios. Hasta sufrimos chanzas porque afirmaban que estas obras jam\u00e1s se har\u00edan\u201d dijo Gobbi en la primera parte de la entrevista.<br \/>\n\u201c El convenio que firmamos ir\u00e1 al Concejo Deliberante y seguramente ser\u00e1 firmado sobre tablas porque todos estamos de acuerdo con estas ampliaciones. La obra en si \u2013 explic\u00f3 \u2013 es una macromallia, es decir un nuevo conducto de agua que parte del tanque de agua, cruza J. M. de Rozas, va por Arenaza, llega a Machado, va por Castelar, Pellegrini, Garay, cruzamos Alfons\u00edn por Bah\u00eda Blanca, llegamos a Los Fresnos y Gonzalez Chavez. Le estaremos dando agua con muy buena presi\u00f3n a  barrios como La Noria Chica, Ipor\u00e1, El Hueco, Baldomero Fernandez Moreno, Las Violetas y eso nos permitir\u00e1 luego extender el servicio a La Esmeralda, E. Echeverr\u00eda, Anah\u00ed y Caballito Blanco entre otros barrios\u201d agreg\u00f3.-<br \/>\n\u201cEstaremos dando servicio a unos 12.000 vecinos que hoy carecen de agua y eso es un tercio de la poblaci\u00f3n de Chascom\u00fas\u201d compar\u00f3 Gobbi.-<br \/>\nTamb\u00e9n se refiri\u00f3 a la obra de la rotonda de la ruta 20 y el acceso norte.<br \/>\n\u201c La ruta 20 desde Ranchos que el \u201cvasco\u201d Veramendi se adjudica para \u00e9l solo y yo le adjudico un tramo para Chascom\u00fas, se realiz\u00f3 en tiempo y forma porque ten\u00eda por el PROFIDE financiaci\u00f3n internacional asegurada. En el caso de la rotonda no tiene esa financiaci\u00f3n y quiero agradecer a la empresa GyC porque la ha encarado con mucha actitud y seguramente lograremos terminarla y tener finalmente los cuatro carriles de acceso&#8230;.\u201d agreg\u00f3.-<br \/>\nHabl\u00f3 el intendente de la situaci\u00f3n del servicio de agua para San Cayetano \u201cque estamos hablando con el Spar&#8230;.\u201d.- \u201cEstamos cumpliendo con el compromiso del servicio de agua y ya tenemos todo el proyecto de cloacas aprobado por el Concejo, la tesorer\u00eda de la provincia y todo para tener el cr\u00e9dito del banco provincia esperando la firma de Pezoa&#8230;..\u201d \u201c De todos modos ya hemos firmado la ampliaci\u00f3n del servicio para el Gallo Blanco y esperamos que para principio de a\u00f1o la gente de ese barrio tenga ese servicio esencial&#8230;.\u201d.-<br \/>\nTambien hubo un p\u00e1rrafo para la obra del sal\u00f3n en los altos del teatro Brazzola.<br \/>\nEn el caso de cloacas si fuera un cr\u00e9dito ser\u00eda con alg\u00fan cargo a los vecinos. En el caso de agua no porque se trata de un subsidio. \u201c Pero recuerdo que cuando se hicieron la planta depuradora y las cloacas que tenemos en gran parte de la ciudad, fueron sin cargo, as\u00ed que si ahora hay que abonarlas, se har\u00e1 un fondo solidario entre todos, porque es la forma de devolver lo recibido&#8230;.\u201d<\/p>\n<p>LOS RADICALES ESTAMOS ENFERMOS<br \/>\nLleg\u00f3 el momento de hablar de pol\u00edtica de cara a las elecciones de 2015.- Consultado sobre los chisporroteos que se han registrado en el Frente UNEN y sobre todo en la UCR.<br \/>\n\u201c La campa\u00f1a en particular en Chascom\u00fas no est\u00e1 en marcha porque el Frente que nos aglutina implosion\u00f3. Ha faltado conducci\u00f3n y si bien esto no es definitivo, hay que recomenzar. Yo estaba invitado a la reuni\u00f3n de San Fernando y no quise ir porque estoy cansado de dar vueltas y vueltas y no avanzar. Hay que aceptar que nuestra dirigencia no ha estado muy l\u00facida y en el caso del PRO ha hecho un avance sobre el radicalismo que no est\u00e1 ni bien ni mal. Lo que ocurre es que cuando presentamos el Frente med\u00edamos mas de 20 puntos y eso significan 50 intendencias en la provincia y ahora no se si medimos 10 puntos. Tenemos el caso de Lilita Carri\u00f3 que ha sido preclara en la construcci\u00f3n y autodestructiva en la definici\u00f3n. Pero para ser claros mi punto de vista es trabajar por acuerdos lo mas amplio posibles, pero ojo: lo primero es acordar el propio frente que uno integra  Mir\u00e1: el radicalismo est\u00e1 lleno de puristas que se se sienten enfermos, se toman la temperatura y miden 42. Entonces en lugar de buscar la cura, tiran el term\u00f3metro&#8230;..\u201d.<br \/>\n\u201cPodemos hacer un acuerdo grande, pero primero tenemos que unificar adentro. Si agarramos la historia de nuestros dirigentes, entonces no queda nadie&#8230;&#8230;\u201d<br \/>\nConsultado sobre si manten\u00eda su postura de no ser candidato en 2015. \u201c Ya lo he dicho que no ser\u00e9 candidato a la reelecci\u00f3n en 2015 y as\u00ed ser\u00e1\u201d.-<br \/>\n\u201c No existe hoy un l\u00edder natural en el radicalismo despues de Ra\u00fal Alfons\u00edn. Mi punto de vista es que si UNEN se unific\u00f3 para ser gobierno no puede tener hoy 40 voceros. Hay que tener un programa y elegir una f\u00f3rmula y unificar el mensaje&#8230;&#8230;.\u201d<br \/>\nVale destacar que en el tramo final dej\u00f3 otra frase: \u201c Si seguimos as\u00ed y vamos a las elecciones con candidatos provinciales y nacionales que midan 10 puntos, ser\u00e1 muy dif\u00edcil ganar en los municipios&#8230;&#8230;\u201d<br \/>\n\u201c En Chascom\u00fas estamos dispuestos a mantener la alianza con el GEN y extenderlo hasta donde se pueda&#8230;..\u201d Y para el final: \u201c Siempre propongo mi candidato y ahora tambi\u00e9n lo dir\u00e9. Pero mantengo silencio por ahora por el zafarrancho que estamos pasando. As\u00ed no somos serios, como se vio en la reuni\u00f3n de San Fernando&#8230;.\u201d<\/p>\n<p>( escuchar la entrevista con Juan A. Gobbi )<br \/>\n<object id=\"player3768109\" width=\"240\" height=\"133\" type=\"application\/x-shockwave-flash\" data=\"http:\/\/www.ivoox.com\/playerivoox_ee_3768109_1.html\"><param name=\"movie\" value=\"http:\/\/www.ivoox.com\/playerivoox_ee_3768109_1.html\"><\/param><param name=\"AllowScriptAccess\" value=\"always\"><\/param><param name=\"allowFullScreen\" value=\"true\"><\/param><param name=\"wmode\" value=\"transparent\"><\/param><embed src=\"http:\/\/www.ivoox.com\/playerivoox_ee_3768109_1.html\" type=\"application\/x-shockwave-flash\" allowfullscreen=\"true\" wmode=\"transparent\" allowscriptaccess=\"always\" width=\"240\" height=\"133\"><\/embed><\/object><\/p>\n","protected":false},"excerpt":{"rendered":"<p>Tras el acto de presentaci\u00f3n de propuestas del jueves pasado para la obra de extensi\u00f3n de agua corriente y la<\/p>\n","protected":false},"author":3,"featured_media":4790,"comment_status":"open","ping_status":"open","sticky":false,"template":"","format":"standard","meta":{"colormag_page_container_layout":"default_layout","colormag_page_sidebar_layout":"default_layout","footnotes":""},"categories":[1],"tags":[],"class_list":["post-5101","post","type-post","status-publish","format-standard","has-post-thumbnail","hentry","category-actualidad"],"_links":{"self":[{"href":"https:\/\/grupotiempodigital.com.ar\/index.php?rest_route=\/wp\/v2\/posts\/5101","targetHints":{"allow":["GET"]}}],"collection":[{"href":"https:\/\/grupotiempodigital.com.ar\/index.php?rest_route=\/wp\/v2\/posts"}],"about":[{"href":"https:\/\/grupotiempodigital.com.ar\/index.php?rest_route=\/wp\/v2\/types\/post"}],"author":[{"embeddable":true,"href":"https:\/\/grupotiempodigital.com.ar\/index.php?rest_route=\/wp\/v2\/users\/3"}],"replies":[{"embeddable":true,"href":"https:\/\/grupotiempodigital.com.ar\/index.php?rest_route=%2Fwp%2Fv2%2Fcomments&post=5101"}],"version-history":[{"count":0,"href":"https:\/\/grupotiempodigital.com.ar\/index.php?rest_route=\/wp\/v2\/posts\/5101\/revisions"}],"wp:featuredmedia":[{"embeddable":true,"href":"https:\/\/grupotiempodigital.com.ar\/index.php?rest_route=\/wp\/v2\/media\/4790"}],"wp:attachment":[{"href":"https:\/\/grupotiempodigital.com.ar\/index.php?rest_route=%2Fwp%2Fv2%2Fmedia&parent=5101"}],"wp:term":[{"taxonomy":"category","embeddable":true,"href":"https:\/\/grupotiempodigital.com.ar\/index.php?rest_route=%2Fwp%2Fv2%2Fcategories&post=5101"},{"taxonomy":"post_tag","embeddable":true,"href":"https:\/\/grupotiempodigital.com.ar\/index.php?rest_route=%2Fwp%2Fv2%2Ftags&post=5101"}],"curies":[{"name":"wp","href":"https:\/\/api.w.org\/{rel}","templated":true}]}}