{"id":5088,"date":"2014-11-22T10:38:19","date_gmt":"2014-11-22T13:38:19","guid":{"rendered":"http:\/\/grupotiempodigital.com.ar\/?p=5088"},"modified":"2014-11-22T11:07:52","modified_gmt":"2014-11-22T14:07:52","slug":"con-nico-castro-como-figura-union-de-m-del-plata-le-gano-a-talleres-de-cordoba-el-ascenso-al-nacional-b","status":"publish","type":"post","link":"https:\/\/grupotiempodigital.com.ar\/?p=5088","title":{"rendered":"Con Nico Castro como figura, Uni\u00f3n de M. del Plata le gan\u00f3 a Talleres de C\u00f3rdoba el ascenso al nacional B"},"content":{"rendered":"<p>En 2007 Uni\u00f3n, un club chico marplatense, sin antecedentes futboleros, comenz\u00f3 el camino para llegar al f\u00fatbol grande de la Argentina. Jug\u00f3 el argentino C, ascendio al B y luego al argentino A. Con un buen respaldo presupuestario, los albicelestes que dirige Gustavo Noto armaron un plantel para pelear el ascenso y en \u00e9l se fue consolidando el ranchero Nicol\u00e1s Castro (24) que lleg\u00f3 desde Juv. Unida de S. Luis..-<br \/>\nEl jueves 13 en Jun\u00edn debieron jugar un partido desempate por la primera posici\u00f3n del grupo 5 del torneo Federal frente al mas poderoso de la categor\u00eda: Talleres de C\u00f3rdoba. Lo gan\u00f3 Uni\u00f3n por 1 a 0, el ranchero fue figura y le cont\u00f3 a TIEMPO como vive este momento.<br \/>\n\u00abTengo 24 a\u00f1os y estoy pasando el mejor momento de mi carrera. Hemos formado un grupo b\u00e1rbaro y aunque sabemos que Uni\u00f3n est\u00e1 reci\u00e9n haciendo su hinchada nos ten\u00edamos mucha confianza por el cuerpo t\u00e9cnico siempre nos dijo que ten\u00edamos tantas posibilidades de ascender como el mejor. Y trabajamos para eso\u00bb dijo Nico el mi\u00e9rcoles en La palabra fm (90.7 Mhz).-  \u00bb Somos un equipo que tenemos una forma de jugar y tratamos de hacerlo igual en todas las canchas. Creo que nuestra gran virtud fue que en los estadios con mas hinchada en contra es donde jugamos los mejores partidos. Como contra Talleres en C\u00f3rdoba donde hab\u00eda 35.000 personas\u00bb cont\u00f3.<br \/>\nHijo de Rosana Parodi y del \u00bb zorro chico\u00bb N\u00e9stor Castro, Nico dice tener cosas de su padre y tambi\u00e9n de su t\u00edo Roberto. \u00bb Me gusta jugar cuando mas dif\u00edcil es el partido y mas contra tenemos\u00bb.- En cuanto a su lugar en la cancha, \u00abel entrenador me da libertad para jugar de tres cuartos para arriba, y me gusta mas ir por adentro que jugar de extremo&#8230;.\u00bb<br \/>\nAhora viene un poco de descanso a y a prepararse para encarar el dif\u00edcil Nacional B, la segunda categor\u00eda del f\u00fatbol argentino donde hoy se anotan equipos como Hurac\u00e1n, Argentinos Juniors, Col\u00f3n y otros hist\u00f3ricos grandes. All\u00ed seguramente podr\u00e1 seguir creciendo este ranchero que el jueves jugando hasta los 30 del segundo tiempo fue figura en el triunfo de 1 a 0 ( gol de Amoroso a los 21 de esa etapa) y el ascenso de Uni\u00f3n.<br \/>\n\u00bb Gracias a mi familia, a todos mis amigos que siempre me alientan y a todos los rancheros un gran saludo\u00bb cerr\u00f3 la nota el volante unionista.<\/p>\n<p>(Escuchar entrevista a Nico Castro)<br \/>\n<object id=\"player3756063\" width=\"240\" height=\"133\" type=\"application\/x-shockwave-flash\" data=\"http:\/\/www.ivoox.com\/playerivoox_ee_3756063_1.html\"><param name=\"movie\" value=\"http:\/\/www.ivoox.com\/playerivoox_ee_3756063_1.html\"><\/param><param name=\"AllowScriptAccess\" value=\"always\"><\/param><param name=\"allowFullScreen\" value=\"true\"><\/param><param name=\"wmode\" value=\"transparent\"><\/param><embed src=\"http:\/\/www.ivoox.com\/playerivoox_ee_3756063_1.html\" type=\"application\/x-shockwave-flash\" allowfullscreen=\"true\" wmode=\"transparent\" allowscriptaccess=\"always\" width=\"240\" height=\"133\"><\/embed><\/object><\/p>\n<p><a href=\"https:\/\/grupotiempodigital.com.ar\/?attachment_id=5089\" rel=\"attachment wp-att-5089\"><img loading=\"lazy\" decoding=\"async\" src=\"https:\/\/grupotiempodigital.com.ar\/wp-content\/uploads\/2014\/11\/Castro.jpg\" alt=\"\" title=\"Castro\" width=\"388\" height=\"259\" class=\"alignleft size-full wp-image-5089\" srcset=\"https:\/\/grupotiempodigital.com.ar\/wp-content\/uploads\/2014\/11\/Castro.jpg 388w, https:\/\/grupotiempodigital.com.ar\/wp-content\/uploads\/2014\/11\/Castro-300x200.jpg 300w\" sizes=\"auto, (max-width: 388px) 100vw, 388px\" \/><\/a><\/p>\n","protected":false},"excerpt":{"rendered":"<p>En 2007 Uni\u00f3n, un club chico marplatense, sin antecedentes futboleros, comenz\u00f3 el camino para llegar al f\u00fatbol grande de la<\/p>\n","protected":false},"author":3,"featured_media":5089,"comment_status":"open","ping_status":"open","sticky":false,"template":"","format":"standard","meta":{"colormag_page_container_layout":"default_layout","colormag_page_sidebar_layout":"default_layout","footnotes":""},"categories":[1],"tags":[],"class_list":["post-5088","post","type-post","status-publish","format-standard","has-post-thumbnail","hentry","category-actualidad"],"_links":{"self":[{"href":"https:\/\/grupotiempodigital.com.ar\/index.php?rest_route=\/wp\/v2\/posts\/5088","targetHints":{"allow":["GET"]}}],"collection":[{"href":"https:\/\/grupotiempodigital.com.ar\/index.php?rest_route=\/wp\/v2\/posts"}],"about":[{"href":"https:\/\/grupotiempodigital.com.ar\/index.php?rest_route=\/wp\/v2\/types\/post"}],"author":[{"embeddable":true,"href":"https:\/\/grupotiempodigital.com.ar\/index.php?rest_route=\/wp\/v2\/users\/3"}],"replies":[{"embeddable":true,"href":"https:\/\/grupotiempodigital.com.ar\/index.php?rest_route=%2Fwp%2Fv2%2Fcomments&post=5088"}],"version-history":[{"count":0,"href":"https:\/\/grupotiempodigital.com.ar\/index.php?rest_route=\/wp\/v2\/posts\/5088\/revisions"}],"wp:featuredmedia":[{"embeddable":true,"href":"https:\/\/grupotiempodigital.com.ar\/index.php?rest_route=\/wp\/v2\/media\/5089"}],"wp:attachment":[{"href":"https:\/\/grupotiempodigital.com.ar\/index.php?rest_route=%2Fwp%2Fv2%2Fmedia&parent=5088"}],"wp:term":[{"taxonomy":"category","embeddable":true,"href":"https:\/\/grupotiempodigital.com.ar\/index.php?rest_route=%2Fwp%2Fv2%2Fcategories&post=5088"},{"taxonomy":"post_tag","embeddable":true,"href":"https:\/\/grupotiempodigital.com.ar\/index.php?rest_route=%2Fwp%2Fv2%2Ftags&post=5088"}],"curies":[{"name":"wp","href":"https:\/\/api.w.org\/{rel}","templated":true}]}}