{"id":5085,"date":"2014-11-22T10:31:40","date_gmt":"2014-11-22T13:31:40","guid":{"rendered":"http:\/\/grupotiempodigital.com.ar\/?p=5085"},"modified":"2014-11-22T11:09:19","modified_gmt":"2014-11-22T14:09:19","slug":"comienza-hoy-el-73o-abierto-de-pato-con-el-siasgo-entre-sus-animadores","status":"publish","type":"post","link":"https:\/\/grupotiempodigital.com.ar\/?p=5085","title":{"rendered":"Comienza hoy el 73\u00ba Abierto de Pato con El Siasgo entre sus animadores"},"content":{"rendered":"<p>Con el respaldo de la firma de gaseosas \u00bb Manaos\u00bb ( y el aporte de la Municipalidad, CEFA y otras firmas).El Siasgo inicia esta ma\u00f1ana la disputa del torneo mas importante del a\u00f1o del deporte nacional. Ayer, en La palabra fm (90.7 Mhz) dio detalles de esta participaci\u00f3n, el prsidente de la entidad, Cdor Eliseo Sartini.-<br \/>\n\u00abNuestro cuarteto lo integran Eduardo de Araquistain, el brandse\u00f1o Manuel Izcurdia y los j\u00f3venes Marcelo Parodi y Justo Bermn\u00fadez. Lo completan como suplentes Alberto Uribarri y Guillermo de Araquistain. Vamos a jugar este s\u00e1bado contra el \u00faltimo campe\u00f3n, El Relincho A(Chacabuco) y ma\u00f1ana domingo lo haremos contra Los Baguales de R. P\u00e9rez. El otro domingo completamos el grupo contra La Tribu de Henderson\u00bb se\u00f1al\u00f3 Sartini.-<br \/>\nClasifican los dos primeros de cada grupo y luego se juegan las semifinales y el 14 de diciembre se jugar\u00e1, todo en campo de Mayo la gran final\u00bb dijo un confiado Sartini que \u00absabe que es dif\u00edcil, pero creo que los ocho equipos est\u00e1n en condiciones de ganar el torneo\u00bb. \u00bb Por supuesto confiamos en nosotros\u00bb agreg\u00f3.-<\/p>\n<p>(Escuchar entrevista al Pte. Eliseo Sartini)<br \/>\n<object id=\"player3768105\" width=\"240\" height=\"133\" type=\"application\/x-shockwave-flash\" data=\"http:\/\/www.ivoox.com\/playerivoox_ee_3768105_1.html\"><param name=\"movie\" value=\"http:\/\/www.ivoox.com\/playerivoox_ee_3768105_1.html\"><\/param><param name=\"AllowScriptAccess\" value=\"always\"><\/param><param name=\"allowFullScreen\" value=\"true\"><\/param><param name=\"wmode\" value=\"transparent\"><\/param><embed src=\"http:\/\/www.ivoox.com\/playerivoox_ee_3768105_1.html\" type=\"application\/x-shockwave-flash\" allowfullscreen=\"true\" wmode=\"transparent\" allowscriptaccess=\"always\" width=\"240\" height=\"133\"><\/embed><\/object><\/p>\n","protected":false},"excerpt":{"rendered":"<p>Con el respaldo de la firma de gaseosas \u00bb Manaos\u00bb ( y el aporte de la Municipalidad, CEFA y otras<\/p>\n","protected":false},"author":3,"featured_media":5086,"comment_status":"open","ping_status":"open","sticky":false,"template":"","format":"standard","meta":{"colormag_page_container_layout":"default_layout","colormag_page_sidebar_layout":"default_layout","footnotes":""},"categories":[1],"tags":[],"class_list":["post-5085","post","type-post","status-publish","format-standard","has-post-thumbnail","hentry","category-actualidad"],"_links":{"self":[{"href":"https:\/\/grupotiempodigital.com.ar\/index.php?rest_route=\/wp\/v2\/posts\/5085","targetHints":{"allow":["GET"]}}],"collection":[{"href":"https:\/\/grupotiempodigital.com.ar\/index.php?rest_route=\/wp\/v2\/posts"}],"about":[{"href":"https:\/\/grupotiempodigital.com.ar\/index.php?rest_route=\/wp\/v2\/types\/post"}],"author":[{"embeddable":true,"href":"https:\/\/grupotiempodigital.com.ar\/index.php?rest_route=\/wp\/v2\/users\/3"}],"replies":[{"embeddable":true,"href":"https:\/\/grupotiempodigital.com.ar\/index.php?rest_route=%2Fwp%2Fv2%2Fcomments&post=5085"}],"version-history":[{"count":0,"href":"https:\/\/grupotiempodigital.com.ar\/index.php?rest_route=\/wp\/v2\/posts\/5085\/revisions"}],"wp:featuredmedia":[{"embeddable":true,"href":"https:\/\/grupotiempodigital.com.ar\/index.php?rest_route=\/wp\/v2\/media\/5086"}],"wp:attachment":[{"href":"https:\/\/grupotiempodigital.com.ar\/index.php?rest_route=%2Fwp%2Fv2%2Fmedia&parent=5085"}],"wp:term":[{"taxonomy":"category","embeddable":true,"href":"https:\/\/grupotiempodigital.com.ar\/index.php?rest_route=%2Fwp%2Fv2%2Fcategories&post=5085"},{"taxonomy":"post_tag","embeddable":true,"href":"https:\/\/grupotiempodigital.com.ar\/index.php?rest_route=%2Fwp%2Fv2%2Ftags&post=5085"}],"curies":[{"name":"wp","href":"https:\/\/api.w.org\/{rel}","templated":true}]}}