{"id":5082,"date":"2014-11-22T10:29:10","date_gmt":"2014-11-22T13:29:10","guid":{"rendered":"http:\/\/grupotiempodigital.com.ar\/?p=5082"},"modified":"2014-11-22T11:12:17","modified_gmt":"2014-11-22T14:12:17","slug":"aun-convalecientes-del-choque-no-me-acuerdo-absolutamnente-nada-la-sacamos-barata-dijo-ayer-mana-santalucia","status":"publish","type":"post","link":"https:\/\/grupotiempodigital.com.ar\/?p=5082","title":{"rendered":"A\u00fan convalecientes: \u00abDel choque no me acuerdo absolutamnente nada. La sacamos barata\u00bb dijo ayer \u00abMana\u00bb Santaluc\u00eda"},"content":{"rendered":"<p>\u00abMana\u00bb Santaluc\u00eda, \u00abpepito\u00bb Muttio y Cristian Rodriguez (foto) chocaron el s\u00e1bado 8 con sus cuatriciclos mientras practicaban para una competencia que enfrentar\u00edan al d\u00eda siguiente en el Fort\u00edn de Chascom\u00fas. Los dos primeros lleva-ron la peor parte y a\u00fan est\u00e1n convalecientes.<br \/>\n\u00bb Tengo cinco costillas fracturadas, un pulm\u00f3n averiado y otras golpes. Tengo para un rato todav\u00eda, pero la voy llevando\u00bb dijo el conocido Mana. \u00bb En realidad no se que me pas\u00f3. Tal vez se rompi\u00f3 una goma y Pepito me embisti\u00f3 en medio de la tierra. Cristian pudo frenar, pero en la frenada se cay\u00f3 y se golpe\u00f3\u00bb dijo en torno al accidente. \u00bb Estuvimos mas de una hora en el campo hasta que llegaron una ambulancia de Ranchos y otra de Chascom\u00fas\u00bb relat\u00f3.-<br \/>\nAgradeci\u00f3 infinitamente a su pareja Rosario, a su familia y a todos los amigos que me han acompa\u00f1ado \u00bb y a la radio por permitirme comunicarme con todos ellos\u00bb<\/p>\n<p>(Escuchar audio \u00abMana\u00bb Santaluc\u00eda)<br \/>\n<object id=\"player3768108\" width=\"240\" height=\"133\" type=\"application\/x-shockwave-flash\" data=\"http:\/\/www.ivoox.com\/playerivoox_ee_3768108_1.html\"><param name=\"movie\" value=\"http:\/\/www.ivoox.com\/playerivoox_ee_3768108_1.html\"><\/param><param name=\"AllowScriptAccess\" value=\"always\"><\/param><param name=\"allowFullScreen\" value=\"true\"><\/param><param name=\"wmode\" value=\"transparent\"><\/param><embed src=\"http:\/\/www.ivoox.com\/playerivoox_ee_3768108_1.html\" type=\"application\/x-shockwave-flash\" allowfullscreen=\"true\" wmode=\"transparent\" allowscriptaccess=\"always\" width=\"240\" height=\"133\"><\/embed><\/object><\/p>\n<p><a href=\"https:\/\/grupotiempodigital.com.ar\/?attachment_id=5083\" rel=\"attachment wp-att-5083\"><img loading=\"lazy\" decoding=\"async\" src=\"https:\/\/grupotiempodigital.com.ar\/wp-content\/uploads\/2014\/11\/Accidentados.jpg\" alt=\"\" title=\"Accidentados\" width=\"388\" height=\"389\" class=\"alignleft size-full wp-image-5083\" srcset=\"https:\/\/grupotiempodigital.com.ar\/wp-content\/uploads\/2014\/11\/Accidentados.jpg 388w, https:\/\/grupotiempodigital.com.ar\/wp-content\/uploads\/2014\/11\/Accidentados-150x150.jpg 150w, https:\/\/grupotiempodigital.com.ar\/wp-content\/uploads\/2014\/11\/Accidentados-300x300.jpg 300w\" sizes=\"auto, (max-width: 388px) 100vw, 388px\" \/><\/a><\/p>\n","protected":false},"excerpt":{"rendered":"<p>\u00abMana\u00bb Santaluc\u00eda, \u00abpepito\u00bb Muttio y Cristian Rodriguez (foto) chocaron el s\u00e1bado 8 con sus cuatriciclos mientras practicaban para una competencia<\/p>\n","protected":false},"author":3,"featured_media":5083,"comment_status":"open","ping_status":"open","sticky":false,"template":"","format":"standard","meta":{"colormag_page_container_layout":"default_layout","colormag_page_sidebar_layout":"default_layout","footnotes":""},"categories":[1],"tags":[],"class_list":["post-5082","post","type-post","status-publish","format-standard","has-post-thumbnail","hentry","category-actualidad"],"_links":{"self":[{"href":"https:\/\/grupotiempodigital.com.ar\/index.php?rest_route=\/wp\/v2\/posts\/5082","targetHints":{"allow":["GET"]}}],"collection":[{"href":"https:\/\/grupotiempodigital.com.ar\/index.php?rest_route=\/wp\/v2\/posts"}],"about":[{"href":"https:\/\/grupotiempodigital.com.ar\/index.php?rest_route=\/wp\/v2\/types\/post"}],"author":[{"embeddable":true,"href":"https:\/\/grupotiempodigital.com.ar\/index.php?rest_route=\/wp\/v2\/users\/3"}],"replies":[{"embeddable":true,"href":"https:\/\/grupotiempodigital.com.ar\/index.php?rest_route=%2Fwp%2Fv2%2Fcomments&post=5082"}],"version-history":[{"count":0,"href":"https:\/\/grupotiempodigital.com.ar\/index.php?rest_route=\/wp\/v2\/posts\/5082\/revisions"}],"wp:featuredmedia":[{"embeddable":true,"href":"https:\/\/grupotiempodigital.com.ar\/index.php?rest_route=\/wp\/v2\/media\/5083"}],"wp:attachment":[{"href":"https:\/\/grupotiempodigital.com.ar\/index.php?rest_route=%2Fwp%2Fv2%2Fmedia&parent=5082"}],"wp:term":[{"taxonomy":"category","embeddable":true,"href":"https:\/\/grupotiempodigital.com.ar\/index.php?rest_route=%2Fwp%2Fv2%2Fcategories&post=5082"},{"taxonomy":"post_tag","embeddable":true,"href":"https:\/\/grupotiempodigital.com.ar\/index.php?rest_route=%2Fwp%2Fv2%2Ftags&post=5082"}],"curies":[{"name":"wp","href":"https:\/\/api.w.org\/{rel}","templated":true}]}}