{"id":5079,"date":"2014-11-21T17:06:38","date_gmt":"2014-11-21T20:06:38","guid":{"rendered":"http:\/\/grupotiempodigital.com.ar\/?p=5079"},"modified":"2014-11-21T17:06:38","modified_gmt":"2014-11-21T20:06:38","slug":"ranchos-minucioso-informe-de-los-allanamientos-del-miercoles","status":"publish","type":"post","link":"https:\/\/grupotiempodigital.com.ar\/?p=5079","title":{"rendered":"Ranchos: Minucioso informe de los allanamientos del mi\u00e9rcoles"},"content":{"rendered":"<p>Por Intermedio de la presente y ampliando parte de prensa relacionado a los \u00faltimos hechos ocurridos en \u00e9sta localidad, relacionado al Robo que sufriera el Sr. IZURIETA CLAUDIO RAUL, ocurrido el 14 de noviembre, en la franja horaria de 18.30 a 19.30 hs, utilizando 2NN masculinos, camioneta Renault, Duster, color negra, le sustraen, aprovechando que no hab\u00eda morador alguno en la vivienda, una TV \u201cSamsung\u201d, de 50 pulgadas, remeras marca \u201cSnow Travel\u201d y otros elementos de valor indicados en la nota anterior, para luego darse a la fuga, el d\u00eda siguiente, s\u00e1bado, realizan la venta de casi la totalidad de lo sustra\u00eddo, en la Feria de Solano, regresando \u00e9stos individuos por el corredor de la ruta n\u00b0 29, ingresando \u00e9sta vez a la localidad de General Belgrano, donde, con el mismo modus operandi, tocan timbre y al no ser atendidos por ocupante alguno, proceden a cometer el il\u00edcito, resultando damnificado en la localidad vecina, el Sr. Nicol\u00e1s Guillen, domiciliado en la calle 52 al numeral 800. Unificado criterios de trabajo entre ambas fuerzas policiales, se establece un patr\u00f3n delictivo, ya identificado  como responsables de los delitos en dichas localidades, a TORRES JOSE, domiciliado en calle Achabay n\u00b0 4358 de Monte Chingolo, partido Lanus Este y MANUEL OVIEDO. Se solicitan medidas procesales, otorgados para el d\u00eda mi\u00e9rcoles \u00f3rden de allanamiento, la que llevada a cabo, utiliz\u00e1ndose como punto de encuentro y base operativa la sede de \u00e9sta Polic\u00eda Comunal, donde se traslad\u00f3 en forma conjunta con Polic\u00eda de General Belgrano y el Grupo de Apoyo Departamental, dando inicio al registro, a las horas del anochecer, logrando ubicar el domicilio a uno de los imputados: TORRES, y no as\u00ed, al momento, de Oviedo. En la inspecci\u00f3n del domicilio, se logra incautar un tv marca \u201cSamsung\u201d, de 50 pulgadas, remeras marca \u201cSnow Travel\u201d, pertenecientes al damnificado IZURIETA. En otro orden, se incautan elementos propiedad de Nicol\u00e1s Guillem, trat\u00e1ndose \u00e9stos reconocidos por el denunciante. Que dichos elementos no hab\u00edan sido comercializados en el mercado negro, en la Feria de Solano, porque Torres har\u00eda uso de los mismos en su domicilio. Tambi\u00e9n se logr\u00f3 incautar del veh\u00edculo que utilizaron para perpetrar ambos il\u00edcitos: camioneta Renault Duster. Finalizado en altas horas de la madrugada el operativo, se procedi\u00f3 a trasladar a Torres a \u00e9sta seccional, donde, cumplimentado recaudos legales, recupera su libertad. Continu\u00e1ndose con la investigaci\u00f3n tendiente a la ubicaci\u00f3n de Manuel Oviedo, oriundo de C\u00f3rdoba, que, en la fecha, se encuentra pr\u00f3fugo, trat\u00e1ndose de la persona que el d\u00eda 18 del cte mes y a\u00f1o, en un veh\u00edculo color gris claro de la marca Fiat, condujo a \u00e9sta localidad a dos NN m\u00e1s j\u00f3venes, y que, utilizando un arma de fuego, perpetrara el robo a la se\u00f1ora Mirta Rescinito.<\/p>\n<p>Como es de ya conocimiento en la sociedad, un confuso episodio o delito tentado, que en circunstancias que se llevaban las pericias en el domicilio de la se\u00f1ora Mirta Rescinito, sita en calle Rivadavia n\u00b0 2935 de \u00e9sta ciudad, un celular marca \u201cMotorola\u201d, color negro y bord\u00f3, que estaba sobre la mesa, apareci\u00f3 entre unas plantas detr\u00e1s de la casilla de gas, contando, al momento, con la presencia de polic\u00eda de \u00e9sta seccional, de la Brigada, el perito y testigo. Ante \u00e9sta denotada situaci\u00f3n, \u00e9sta polic\u00eda dio inicio a actuaciones caratuladas \u201cAVERIGUACION DE ILICITO\u201d, con intervenci\u00f3n de la Fiscal\u00eda n\u00b0 07 de La Plata y de la Auditor\u00eda General de Asuntos Internos, quedando la instrucci\u00f3n a investigaci\u00f3n bajo la responsabilidad del Licenciado Oficial Principal Sebasti\u00e1n Bonino, quien, ya realiz\u00f3, en primer instancia, las declaraciones pertinentes a la v\u00edctima y su grupo familiar y al recogimiento de una huella dactilar sobre el celular, la que fue elevada a polic\u00eda cient\u00edfica para su posterior cotejo con las personas que estaban al momento de los sucesos. \u00c9sta polic\u00eda, una vez ha sostenido, en tiempo y forma, los resultados a trav\u00e9s de la Fiscal\u00eda interviniente y con la respectiva autorizaci\u00f3n, se ampliar\u00e1 al respecto.-<\/p>\n<p>Por lo expuesto es cuanto comunico a Uds.-<\/p>\n<p>Fernando Javier Arrubia<br \/>\nComisario<br \/>\nJefe Pc\u00eda. Cnal. Gral Paz<\/p>\n","protected":false},"excerpt":{"rendered":"<p>Por Intermedio de la presente y ampliando parte de prensa relacionado a los \u00faltimos hechos ocurridos en \u00e9sta localidad, relacionado<\/p>\n","protected":false},"author":3,"featured_media":0,"comment_status":"open","ping_status":"open","sticky":false,"template":"","format":"standard","meta":{"colormag_page_container_layout":"default_layout","colormag_page_sidebar_layout":"default_layout","footnotes":""},"categories":[1],"tags":[],"class_list":["post-5079","post","type-post","status-publish","format-standard","hentry","category-actualidad"],"_links":{"self":[{"href":"https:\/\/grupotiempodigital.com.ar\/index.php?rest_route=\/wp\/v2\/posts\/5079","targetHints":{"allow":["GET"]}}],"collection":[{"href":"https:\/\/grupotiempodigital.com.ar\/index.php?rest_route=\/wp\/v2\/posts"}],"about":[{"href":"https:\/\/grupotiempodigital.com.ar\/index.php?rest_route=\/wp\/v2\/types\/post"}],"author":[{"embeddable":true,"href":"https:\/\/grupotiempodigital.com.ar\/index.php?rest_route=\/wp\/v2\/users\/3"}],"replies":[{"embeddable":true,"href":"https:\/\/grupotiempodigital.com.ar\/index.php?rest_route=%2Fwp%2Fv2%2Fcomments&post=5079"}],"version-history":[{"count":0,"href":"https:\/\/grupotiempodigital.com.ar\/index.php?rest_route=\/wp\/v2\/posts\/5079\/revisions"}],"wp:attachment":[{"href":"https:\/\/grupotiempodigital.com.ar\/index.php?rest_route=%2Fwp%2Fv2%2Fmedia&parent=5079"}],"wp:term":[{"taxonomy":"category","embeddable":true,"href":"https:\/\/grupotiempodigital.com.ar\/index.php?rest_route=%2Fwp%2Fv2%2Fcategories&post=5079"},{"taxonomy":"post_tag","embeddable":true,"href":"https:\/\/grupotiempodigital.com.ar\/index.php?rest_route=%2Fwp%2Fv2%2Ftags&post=5079"}],"curies":[{"name":"wp","href":"https:\/\/api.w.org\/{rel}","templated":true}]}}