{"id":5065,"date":"2014-11-20T16:12:58","date_gmt":"2014-11-20T19:12:58","guid":{"rendered":"http:\/\/grupotiempodigital.com.ar\/?p=5065"},"modified":"2014-11-20T16:12:58","modified_gmt":"2014-11-20T19:12:58","slug":"organizada-por-la-secretaria-de-salud-se-realizo-el-primer-encuentro-intersectorial-en-ranchos","status":"publish","type":"post","link":"https:\/\/grupotiempodigital.com.ar\/?p=5065","title":{"rendered":"Organizada por la Secretar\u00eda de Salud se realiz\u00f3 el primer Encuentro Intersectorial en Ranchos"},"content":{"rendered":"<p>Se llev\u00f3 a cabo el pasado martes en el sal\u00f3n del Honorable Concejo Deliberante, tal estaba anunciado, la primer convocatoria para un Encuentro Intersectorial.<br \/>\nDicha convocatoria fue realizada por  la Secretar\u00eda de Salud con el objetivo de crear un espacio de di\u00e1logo, con a todos los sectores vinculados con la vida ciudadana, y all\u00ed poder dar  tratamiento a las problem\u00e1ticas emergentes, con el objetivo de trabajar en propuestas  consensuadas y viables.<br \/>\nLa misma estuvo coordinada por el Director de Salud municipal, Dr. Leonardo Contreras y asistieron representantes del gobierno municipal, concejales, consejeros escolares, representantes de la justicia, polic\u00eda, del \u00e1rea de educaci\u00f3n y de instituciones intermedias.<br \/>\nLa propuesta era, ser este el primer paso para la formaci\u00f3n de una Mesa Intersectorial y tratar temas que afecten a toda la comunidad.<br \/>\nSe dispuso que la segunda reuni\u00f3n de esta mesa se va a realizar el pr\u00f3ximo jueves 4 de diciembre con lugar a designar.<\/p>\n<p><a href=\"https:\/\/grupotiempodigital.com.ar\/?attachment_id=5067\" rel=\"attachment wp-att-5067\"><img loading=\"lazy\" decoding=\"async\" src=\"https:\/\/grupotiempodigital.com.ar\/wp-content\/uploads\/2014\/11\/Contreras-1.jpg\" alt=\"\" title=\"Contreras 1\" width=\"388\" height=\"259\" class=\"alignleft size-full wp-image-5067\" srcset=\"https:\/\/grupotiempodigital.com.ar\/wp-content\/uploads\/2014\/11\/Contreras-1.jpg 388w, https:\/\/grupotiempodigital.com.ar\/wp-content\/uploads\/2014\/11\/Contreras-1-300x200.jpg 300w\" sizes=\"auto, (max-width: 388px) 100vw, 388px\" \/><\/a><\/p>\n","protected":false},"excerpt":{"rendered":"<p>Se llev\u00f3 a cabo el pasado martes en el sal\u00f3n del Honorable Concejo Deliberante, tal estaba anunciado, la primer convocatoria<\/p>\n","protected":false},"author":3,"featured_media":5066,"comment_status":"open","ping_status":"open","sticky":false,"template":"","format":"standard","meta":{"colormag_page_container_layout":"default_layout","colormag_page_sidebar_layout":"default_layout","footnotes":""},"categories":[1],"tags":[],"class_list":["post-5065","post","type-post","status-publish","format-standard","has-post-thumbnail","hentry","category-actualidad"],"_links":{"self":[{"href":"https:\/\/grupotiempodigital.com.ar\/index.php?rest_route=\/wp\/v2\/posts\/5065","targetHints":{"allow":["GET"]}}],"collection":[{"href":"https:\/\/grupotiempodigital.com.ar\/index.php?rest_route=\/wp\/v2\/posts"}],"about":[{"href":"https:\/\/grupotiempodigital.com.ar\/index.php?rest_route=\/wp\/v2\/types\/post"}],"author":[{"embeddable":true,"href":"https:\/\/grupotiempodigital.com.ar\/index.php?rest_route=\/wp\/v2\/users\/3"}],"replies":[{"embeddable":true,"href":"https:\/\/grupotiempodigital.com.ar\/index.php?rest_route=%2Fwp%2Fv2%2Fcomments&post=5065"}],"version-history":[{"count":0,"href":"https:\/\/grupotiempodigital.com.ar\/index.php?rest_route=\/wp\/v2\/posts\/5065\/revisions"}],"wp:featuredmedia":[{"embeddable":true,"href":"https:\/\/grupotiempodigital.com.ar\/index.php?rest_route=\/wp\/v2\/media\/5066"}],"wp:attachment":[{"href":"https:\/\/grupotiempodigital.com.ar\/index.php?rest_route=%2Fwp%2Fv2%2Fmedia&parent=5065"}],"wp:term":[{"taxonomy":"category","embeddable":true,"href":"https:\/\/grupotiempodigital.com.ar\/index.php?rest_route=%2Fwp%2Fv2%2Fcategories&post=5065"},{"taxonomy":"post_tag","embeddable":true,"href":"https:\/\/grupotiempodigital.com.ar\/index.php?rest_route=%2Fwp%2Fv2%2Ftags&post=5065"}],"curies":[{"name":"wp","href":"https:\/\/api.w.org\/{rel}","templated":true}]}}