{"id":50606,"date":"2025-09-29T08:29:31","date_gmt":"2025-09-29T11:29:31","guid":{"rendered":"https:\/\/grupotiempodigital.com.ar\/?p=50606"},"modified":"2025-09-29T08:29:31","modified_gmt":"2025-09-29T11:29:31","slug":"rally-de-arrecifes-fontana-scicolone-como-en-el-patio-de-su-casa","status":"publish","type":"post","link":"https:\/\/grupotiempodigital.com.ar\/?p=50606","title":{"rendered":"Rally de Arrecifes: Fontana\/Scicolone, como en el patio de su casa"},"content":{"rendered":"\n<p>Jorge Fontana y Gerardo Scicolone se dieron el gran gusto de celebrar en su tierra, ya que en un apasionante final consiguieron quedarse con esta quinta fecha del Rally Mar y Sierras, categor\u00eda que pudo darle continuidad a su calendario 2025 luego de los contratiempos causados por el clima en los \u00faltimos meses.<\/p>\n\n\n\n<p>Por supuesto que la cita en la denominada \u201cCuna de Campeones\u201d no fue la excepci\u00f3n en cuanto a la lluvia, ya que los organizadores debieron modificar el cronograma y disputar todos los tramos (ocho en total) en la jornada del domingo.<\/p>\n\n\n\n<p>Eso s\u00ed, los locales pudieron celebrar. No solo por disfrutar de un gran espect\u00e1culo en los caminos (que tuvieron mucho barro durante la ma\u00f1ana) sino por el festejo de dos de sus exponentes, ya que la dupla de Fontana\/Scicolone hizo los deberes con el Peugeot 208 Maxi Rally y se adjudic\u00f3 la General tras un gran duelo que protagonizaron con Sergio y Delfina Centorame, padre e hija, que perdieron terreno en el \u00faltimo sector con el Hyundai i20 Rally2\/RS y as\u00ed les arrebataron el triunfo por 8.6 segundos; en tanto que el podio lo complet\u00f3 el binomio de Horacio Heiland\/Bel\u00e9n Heiland (a 1:56.9 con el Fiat\/RC2S).<\/p>\n\n\n\n<p>\u201cFue un carreron. Hoy se dio todo. Pese a los d\u00edas adversos, se pudo hacer la carrera y correr todos los tramos. No le afloj\u00e9 nunca porque quer\u00eda descontar y en el \u00faltimo fue para nosotros\u201d, indic\u00f3 Fontana.<\/p>\n\n\n\n<p>Repasando lo sucedido en cada clase, el binomio Fontana\/Scicolone tambi\u00e9n fue la referencia dentro de la MR, donde se adue\u00f1aron de todos los parciales y doblegaron por 30:22.7 a Luis Marcotti\/Ramiro Gonz\u00e1lez (Peugeot 208).<\/p>\n\n\n\n<p>Los Centorame (que hab\u00edan estrenado el Hyundai i20 Rally2 con victoria en el Rally de General Lavalle) vencieron en la RS, siendo los \u00fanicos protagonistas con este tipo de veh\u00edculo.<\/p>\n\n\n\n<p>La RC2S tuvo muchas bajas a lo largo de la actividad, aunque los Heiland se mostraron bien s\u00f3lidos desde el comienzo para finalmente superar por 5:31.3 a Jos\u00e9 Luis Catera\/Daniel Ram\u00edrez (Subaru) y por 11:04.8 a Adri\u00e1n Gabotto\/Gonzalo Yoldi (Ford Fiesta).<\/p>\n\n\n\n<p>La Clase A tambi\u00e9n entreg\u00f3 alternativas cambiantes, con diferentes l\u00edderes y varios abandonos, donde finalmente todo qued\u00f3 en familia, ya que Mat\u00edas Segura (navegado por Micaela Racioppe) prevaleci\u00f3 sobre su hermano Mauricio (acompa\u00f1ado por Benjam\u00edn Cassano) al ganarle por 8.8 segundos; en tanto que el tercer lugar qued\u00f3 para C\u00e9sar Bilbao\/Sebasti\u00e1n Brescia (+2:44.4)<\/p>\n\n\n\n<p>Otro 1-2 incluso a\u00fan m\u00e1s familiar se registr\u00f3 en la R3, donde Gerardo Emma y Victoria Emma (Mini Cooper) aventajaron por 1:12.2 a Gustavo Emma\/Valentina Emma (VW Bora), ambas duplas benefici\u00e1ndose al m\u00e1ximo con el quedo en el \u00faltimo tramo de Fabi\u00e1n y Camila Bianco (que eran los c\u00f3modos l\u00edderes).<\/p>\n\n\n\n<p>En la Junior, Gustavo Quarchioni\/Esteban Parravicini (VW Gol) redondearon una tarea sin errores y consiguieron cortar la racha triunfal de Jorge Villarino\/Sebasti\u00e1n Urriza (Renault Clio), dupla que ven\u00eda de festejar en cada una de las fechas disputadas este a\u00f1o y que en esta ocasi\u00f3n terminaron como escoltas a 24.0 segundos; delante de Marcelo Petri\/Lorena Buroni (+53.6 con el Gol).<\/p>\n\n\n\n<p>Tras sumar cinco de los ocho tramos corridos, Jos\u00e9 Bastan y Patricio M\u00e1rquez se quedaron con la celebraci\u00f3n en la N7 para prenderse en la lucha por el torneo. Con el VW Gol le ganaron por 1:03.8 a Mat\u00edas De Prado\/Joaqu\u00edn Montenegro (Gol) y por 1:14.7 a Diego Scigliano\/Dar\u00edo Bericiartua (Gol).<\/p>\n\n\n\n<p>Los Varas tampoco quisieron ser menos y se llevaron la victoria a casa dentro de la Clase N3, ya que Sergio y Valentino marcaron el rumbo con el VW Gol y doblegaron por 32.5 segundos a Pablo Carcano\/Dami\u00e1n Ram\u00edrez (que con el Peugeot 206 ascienden bien arriba en el campeonato) y por 2:54.5 a Rub\u00e9n Manzoni\/F\u00e9lix Leclercqu (Gol).<\/p>\n\n\n\n<p>La RC5 contin\u00faa entregando mucha paridad y definiciones atrapantes. Nuevamente les toc\u00f3 festejar a Pablo Veiras y Alfonzo Mutio, quienes con el Toyota Etios aventajaron por apenas 3.8 segundos a Nicanor Bianco\/Hern\u00e1n Salvador (Peugeot 207), mientras que Manuel Sancho\/Ariel Vel\u00e1zquez (a 2:01.9 con el Etios) completaron el podio, repiti\u00e9ndose el mismo resultado de la fecha anterior.<\/p>\n\n\n\n<p>Aunque en esta presentaci\u00f3n la definici\u00f3n m\u00e1s cerrada se dio en la N1, donde Jerem\u00edas Villarino\/Daniel Niballo (VW Gol) le ganaron por solamente tres segundos a Kevin Echeveste\/Juan Carlos Ceschi (Gol); con Agust\u00edn D\u00edaz\/Leonardo D\u00edaz, los l\u00edderes del certamen, ocupando el tercer escal\u00f3n (a 39.1).<\/p>\n\n\n\n<p>El binomio integrado por Fabricio Bustamante\/Agust\u00edn Beheraborde (VW Gol) fue el \u00fanico que pudo completar la exigencia dentro de la N1L y celebr\u00f3. En tanto que en la AH, la victoria qued\u00f3 para Braian Cemborain\/Pablo Pereyra, quienes con el VW Gol se impusieron a Lisandro Villano\/Lisandro Santi (a 34.5 con el VW Gacel) y a Mat\u00edas Targiano\/Bautista Targiano (a 2:15.2 con el VW Senda).<\/p>\n\n\n\n<p><strong>Clasificaci\u00f3n General Final por Clases:<\/strong><\/p>\n\n\n\n<p><strong>RS:<\/strong><\/p>\n\n\n\n<p>1) S. Centorame\/D. Centorame (Hyundai i20 Rally2) 38:34.3<\/p>\n\n\n\n<p><strong>MR:<\/strong><\/p>\n\n\n\n<p>1) J. Fontana\/G. Scicolone (Peugeot 208) 38:25.7<\/p>\n\n\n\n<p>2) L. Marcotti\/R. Gonz\u00e1lez (Peugeot 208) +30:22.7<\/p>\n\n\n\n<p><strong>RC2S:<\/strong><\/p>\n\n\n\n<p>1) H. Heiland\/B. Heiland (Fiat) 40:22.6<\/p>\n\n\n\n<p>2) J. L. Catera\/D. Ram\u00edrez (Subaru) +5:31.3<\/p>\n\n\n\n<p>3) A. Gabotto\/G. Yoldi (Ford Fiesta) +11:04.8<\/p>\n\n\n\n<p>4) R. Del Campo\/M. Bazan (Mitsubishi Lancer Evo X) +40:31.6<\/p>\n\n\n\n<p><strong>JR:<\/strong><\/p>\n\n\n\n<p>1) G. Quarchioni\/E. Parravicini (VW Gol) 40:58.5<\/p>\n\n\n\n<p>2) J. Villarino\/S. Urriza (Renault Clio) +24.0<\/p>\n\n\n\n<p>3) M. Petri\/L. Buroni (VW Gol) +53.6<\/p>\n\n\n\n<p>4) M. Goicoechea\/D. P\u00e9rez (VW Gol) +1:22.2<\/p>\n\n\n\n<p><strong>A:<\/strong><\/p>\n\n\n\n<p>1) Mat. Segura\/M. Racioppe (VW Gol) 41:23.7<\/p>\n\n\n\n<p>2) Mau. Segura\/B. Cassano (VW Gol) +8.8<\/p>\n\n\n\n<p>3) C. Bilbao\/S. Brescia (VW Gol) +2:44.4<\/p>\n\n\n\n<p>4) Dan. Trosset\/E. Braggazi (VW Gol) +32:31.8<\/p>\n\n\n\n<p>5) Nic. Trosset\/A. Sanguinetti (VW Gol) +39:36.7<\/p>\n\n\n\n<p><strong>R3:<\/strong><\/p>\n\n\n\n<p>1) Ger. Emma\/Vic. Emma (Mini Cooper) 49:10.2<\/p>\n\n\n\n<p>2) Gus. Emma\/Val. Emma (VW Bora) +1:12.2<\/p>\n\n\n\n<p><strong>N7:<\/strong><\/p>\n\n\n\n<p>1) J. Bastan\/P. M\u00e1rquez (VW Gol) 41:56.1<\/p>\n\n\n\n<p>2) M. De Prado\/J. Montenegro (VW Gol) +1:03.8<\/p>\n\n\n\n<p>3) D. Scigliano\/D. Bericiartua (VW Gol) +1:14.7<\/p>\n\n\n\n<p>4) S. Dospital\/M. Varas (VW Gol) +2:18.8<\/p>\n\n\n\n<p>5) C. Acosta\/P. Santos (VW Gol) +15:09.7<\/p>\n\n\n\n<p><strong>N3:<\/strong><\/p>\n\n\n\n<p>1) S. Varas\/V. Varas (VW Gol) 46:47.9<\/p>\n\n\n\n<p>2) P. Carcano\/D. Ram\u00edrez (Peugeot 206) +32.5<\/p>\n\n\n\n<p>3) R. Manzoni\/F. Leclercqu (VW Gol) +2:54.5<\/p>\n\n\n\n<p>4) R. Amichetti\/A. Amichetti (VW Gol) +4:33.1<\/p>\n\n\n\n<p><strong>RC5:<\/strong><\/p>\n\n\n\n<p>1) P. Veiras\/A. Mutio (Toyota Etios) 43:35.2<\/p>\n\n\n\n<p>2) N. Bianco\/H. Salvador (Peugeot 207) +3.8<\/p>\n\n\n\n<p>3) M. Sancho\/A. Vel\u00e1zquez (Toyota Etios) +2:01.9<\/p>\n\n\n\n<p>4) C. Garavano\/O. Moreno (Nissan March) +4:51.1<\/p>\n\n\n\n<p>5) E. Loughil\/E. Elizalde (Ford Fiesta) +33:24.2<\/p>\n\n\n\n<p><strong>N1:<\/strong><\/p>\n\n\n\n<p>1) J. Villarino\/D. Niballo (VW Gol) 43:38.9<\/p>\n\n\n\n<p>2) K. Echeveste\/J. C. Ceschi (VW Gol) +3.0<\/p>\n\n\n\n<p>3) A. D\u00edaz\/L. D\u00edaz (VW Gol) +39.1<\/p>\n\n\n\n<p>4) D. Manin\/J. Bra\u00f1a (VW Gol) +44.9<\/p>\n\n\n\n<p>5) R. Lujan\/L. Casta\u00f1arez (VW Gol) +51.5<\/p>\n\n\n\n<p>6) P. P\u00e9rez\/H. Arriola (VW Gol) +2:08.7<\/p>\n\n\n\n<p>7) M. Carranza\/J. Gonz\u00e1lez (Ford Ka) +2:33.1<\/p>\n\n\n\n<p>9) C. Silveyra\/F. Ulloa (VW Gol) +4:26.9<\/p>\n\n\n\n<p>8) F. Sarciat\/G. Gerez (VW Gol) +4:29.8<\/p>\n\n\n\n<p>10) M. Arean\/M. Arean (VW Gol) +7:19.6<\/p>\n\n\n\n<p><strong>N1L:<\/strong><\/p>\n\n\n\n<p>1) F. Bustamante\/A. Beheraborde (VW Gol) 46:59.8<\/p>\n\n\n\n<p><strong>AH:<\/strong><\/p>\n\n\n\n<p>1) B. Cemborain\/P. Pereyra (VW Gol) 45:46.2<\/p>\n\n\n\n<p>2) L. Villano\/L. Santi (VW Gacel) +34.5<\/p>\n\n\n\n<p>3) M. Targiano\/B. Targiano (VW Senda) +2:15.2<\/p>\n\n\n\n<p>4) G. Martino\/S. Martino (VW Senda) +6:45.1<\/p>\n\n\n\n<p>5) J. C. Mui\u00f1o\/E. Rodogno (VW Gol) +10:49.9<\/p>\n\n\n\n<p><\/p>\n","protected":false},"excerpt":{"rendered":"<p>Jorge Fontana y Gerardo Scicolone se dieron el gran gusto de celebrar en su tierra, ya que en un apasionante<\/p>\n","protected":false},"author":3,"featured_media":50607,"comment_status":"open","ping_status":"open","sticky":false,"template":"","format":"standard","meta":{"colormag_page_container_layout":"default_layout","colormag_page_sidebar_layout":"default_layout","footnotes":""},"categories":[1],"tags":[],"class_list":["post-50606","post","type-post","status-publish","format-standard","has-post-thumbnail","hentry","category-actualidad"],"_links":{"self":[{"href":"https:\/\/grupotiempodigital.com.ar\/index.php?rest_route=\/wp\/v2\/posts\/50606","targetHints":{"allow":["GET"]}}],"collection":[{"href":"https:\/\/grupotiempodigital.com.ar\/index.php?rest_route=\/wp\/v2\/posts"}],"about":[{"href":"https:\/\/grupotiempodigital.com.ar\/index.php?rest_route=\/wp\/v2\/types\/post"}],"author":[{"embeddable":true,"href":"https:\/\/grupotiempodigital.com.ar\/index.php?rest_route=\/wp\/v2\/users\/3"}],"replies":[{"embeddable":true,"href":"https:\/\/grupotiempodigital.com.ar\/index.php?rest_route=%2Fwp%2Fv2%2Fcomments&post=50606"}],"version-history":[{"count":1,"href":"https:\/\/grupotiempodigital.com.ar\/index.php?rest_route=\/wp\/v2\/posts\/50606\/revisions"}],"predecessor-version":[{"id":50608,"href":"https:\/\/grupotiempodigital.com.ar\/index.php?rest_route=\/wp\/v2\/posts\/50606\/revisions\/50608"}],"wp:featuredmedia":[{"embeddable":true,"href":"https:\/\/grupotiempodigital.com.ar\/index.php?rest_route=\/wp\/v2\/media\/50607"}],"wp:attachment":[{"href":"https:\/\/grupotiempodigital.com.ar\/index.php?rest_route=%2Fwp%2Fv2%2Fmedia&parent=50606"}],"wp:term":[{"taxonomy":"category","embeddable":true,"href":"https:\/\/grupotiempodigital.com.ar\/index.php?rest_route=%2Fwp%2Fv2%2Fcategories&post=50606"},{"taxonomy":"post_tag","embeddable":true,"href":"https:\/\/grupotiempodigital.com.ar\/index.php?rest_route=%2Fwp%2Fv2%2Ftags&post=50606"}],"curies":[{"name":"wp","href":"https:\/\/api.w.org\/{rel}","templated":true}]}}