{"id":50602,"date":"2025-09-29T08:23:18","date_gmt":"2025-09-29T11:23:18","guid":{"rendered":"https:\/\/grupotiempodigital.com.ar\/?p=50602"},"modified":"2025-09-29T08:23:19","modified_gmt":"2025-09-29T11:23:19","slug":"informacion-social-ranchos-chascomus-pila-379","status":"publish","type":"post","link":"https:\/\/grupotiempodigital.com.ar\/?p=50602","title":{"rendered":"INFORMACI\u00d3N SOCIAL RANCHOS &#8211; CHASCOM\u00daS \u2013 PILA"},"content":{"rendered":"\n<p><strong><u>CUMPLEA\u00d1OS RANCHOS LUNES 29 DE SEPTIEMBRE<\/u><\/strong><strong>: EDUARDO CORENGIA, MARCELO FERRANTE, EDGARDO JUAN URIBARRI, MARIA SILVINA BROWN, DANIEL BUSTAMANTE, MAURICIO IZURIETA, AGUSTIN SALINAS, ALMA PAEZ.<\/strong><\/p>\n\n\n\n<p><strong><u>FARMACIAS DE TURNO LUNES 29 DE SEPTIEMBRE<\/u><\/strong><strong><\/strong><\/p>\n\n\n\n<p><strong>RANCHOS: TORRISSI (Mitre casi Lu\u00eds Giles)<\/strong><\/p>\n\n\n\n<p><strong>CHASCOMUS: PUYSSEGUR (l. del Sur 946) y FARMASUR (Alfons\u00edn y B. Blanca)<\/strong><\/p>\n\n\n\n<p><strong>PILA: MORISET (17 N\u00b0 227)<\/strong><\/p>\n\n\n\n<p><strong><u>NECROLOGICAS CHASCOMUS&nbsp;&nbsp;<\/u><\/strong><\/p>\n\n\n\n<p><strong>En horas de la noche del jueves pasado, dejo de existir en la Ciudad de La Plata donde se encontraba internada RAQUEL LORENZA FASCE. La extinta desaparece a los 82 a\u00f1os de edad. Sus restos fueron trasladados hacia el cementerio municipal para su inhumaci\u00f3n, el d\u00eda viernes. (Casa Sallaberry)<\/strong><\/p>\n\n\n\n<p><strong>En horas de la madrugada del viernes, dejo de existir en nuestra ciudad ZULEMA ALCIRA MARRERO. La extinta desaparece a los 87 a\u00f1os de edad. Sus restos fueron trasladados hacia el cementerio municipal para su cremaci\u00f3n al Cementerio Municipal, el d\u00eda viernes. (Casa Sallaberry)<\/strong><\/p>\n\n\n\n<p><strong>En horas de la ma\u00f1ana del viernes dejo de existir en nuestra ciudad MARIA ANGELICA FLORES. La extinta desaparece a los 65 a\u00f1os de edad. Sus restos fueron trasladados al cementerio municipal para su creaci\u00f3n, el d\u00eda s\u00e1bado. (Casa Sallaberry)<\/strong><\/p>\n\n\n\n<p><strong>Falleci\u00f3 el s\u00e1bado en Chascom\u00fas a los 39 a\u00f1os de edad, TERESA RAQUEL METRAL Sus restos fueron trasladados hacia la necr\u00f3polis local hoy lunes a las 8:30 hs, para su posterior cremaci\u00f3n (Sepelios Portela).<\/strong><\/p>\n\n\n\n<p><strong>Falleci\u00f3 en horas de la madrugada de hoy en Chascom\u00fas a los 88 a\u00f1os de edad, DORA RAQUEL MONTERO. Los restos de Dora Raquel MONTERO ser\u00e1n velados en Sala Velatoria de Castelli 68 hoy lunes 29\/09 de 8 a 12:30 hs. y posteriormente se trasladar\u00e1n hacia la necr\u00f3polis local para su cremaci\u00f3n. (Sepelios Portela).<\/strong><\/p>\n\n\n\n<p><strong>En horas de la ma\u00f1ana de ayer domingo, dejo de existir en la Ciudad de La Plata donde se encontraba internada MARIA CELESTE LEGARRALDE. La extinta desaparece a los 41 a\u00f1os de edad. Sus restos son velados en la sala velatoria de Remedios de Escalada N\u00b092 y ser\u00e1n trasladados al cementerio municipal para su inhumaci\u00f3n hoy a las 10.15 Hs-<\/strong><strong> (<\/strong><strong>Casa Sallaberry)<\/strong><strong><\/strong><\/p>\n\n\n\n<p><\/p>\n","protected":false},"excerpt":{"rendered":"<p>CUMPLEA\u00d1OS RANCHOS LUNES 29 DE SEPTIEMBRE: EDUARDO CORENGIA, MARCELO FERRANTE, EDGARDO JUAN URIBARRI, MARIA SILVINA BROWN, DANIEL BUSTAMANTE, MAURICIO IZURIETA,<\/p>\n","protected":false},"author":3,"featured_media":47075,"comment_status":"open","ping_status":"open","sticky":false,"template":"","format":"standard","meta":{"colormag_page_container_layout":"default_layout","colormag_page_sidebar_layout":"default_layout","footnotes":""},"categories":[1],"tags":[],"class_list":["post-50602","post","type-post","status-publish","format-standard","has-post-thumbnail","hentry","category-actualidad"],"_links":{"self":[{"href":"https:\/\/grupotiempodigital.com.ar\/index.php?rest_route=\/wp\/v2\/posts\/50602","targetHints":{"allow":["GET"]}}],"collection":[{"href":"https:\/\/grupotiempodigital.com.ar\/index.php?rest_route=\/wp\/v2\/posts"}],"about":[{"href":"https:\/\/grupotiempodigital.com.ar\/index.php?rest_route=\/wp\/v2\/types\/post"}],"author":[{"embeddable":true,"href":"https:\/\/grupotiempodigital.com.ar\/index.php?rest_route=\/wp\/v2\/users\/3"}],"replies":[{"embeddable":true,"href":"https:\/\/grupotiempodigital.com.ar\/index.php?rest_route=%2Fwp%2Fv2%2Fcomments&post=50602"}],"version-history":[{"count":1,"href":"https:\/\/grupotiempodigital.com.ar\/index.php?rest_route=\/wp\/v2\/posts\/50602\/revisions"}],"predecessor-version":[{"id":50603,"href":"https:\/\/grupotiempodigital.com.ar\/index.php?rest_route=\/wp\/v2\/posts\/50602\/revisions\/50603"}],"wp:featuredmedia":[{"embeddable":true,"href":"https:\/\/grupotiempodigital.com.ar\/index.php?rest_route=\/wp\/v2\/media\/47075"}],"wp:attachment":[{"href":"https:\/\/grupotiempodigital.com.ar\/index.php?rest_route=%2Fwp%2Fv2%2Fmedia&parent=50602"}],"wp:term":[{"taxonomy":"category","embeddable":true,"href":"https:\/\/grupotiempodigital.com.ar\/index.php?rest_route=%2Fwp%2Fv2%2Fcategories&post=50602"},{"taxonomy":"post_tag","embeddable":true,"href":"https:\/\/grupotiempodigital.com.ar\/index.php?rest_route=%2Fwp%2Fv2%2Ftags&post=50602"}],"curies":[{"name":"wp","href":"https:\/\/api.w.org\/{rel}","templated":true}]}}