{"id":5059,"date":"2014-11-20T12:56:20","date_gmt":"2014-11-20T15:56:20","guid":{"rendered":"http:\/\/grupotiempodigital.com.ar\/?p=5059"},"modified":"2014-11-20T20:53:04","modified_gmt":"2014-11-20T23:53:04","slug":"informe-de-jefatura-policia-comunal-general-paz-detenida-con-pedido-de-captura-y-allanamiento-positivo-en-monte-chingolo","status":"publish","type":"post","link":"https:\/\/grupotiempodigital.com.ar\/?p=5059","title":{"rendered":"Secuestran parte de lo robado a Izurieta en Ranchos y detienen a uno de sus probables autores que ya recuper\u00f3 la libertad"},"content":{"rendered":"<p>Tal como lo adelantara en forma exclusiva este medio en su informe colgado anoche a las 22 Horas, en un importante allanamiento en el Gran Buenos Aires, fue detenida una persona y secuestrado elementos que este jueves por la tarde fueron reconocidos como propios por el vecino ranchero Claudio Izurieta, v\u00edctima de un robo en su vivienda d\u00edas pasados.- Al mando del operativo estuvo el comisario Fernando Arrubia que esta ma\u00f1ana confirm\u00f3 en La palabra fm los hechos y en horas de la tarde, Izurieta reconoci\u00f3 un televisor 50 \u00bb y algunas ropas. El resto de lo sustra\u00eddo en Ranchos fue vendido en una feria de la zona de Solano seg\u00fan habr\u00eda admitido el joven detenido ( ver foto) que sin embargo hoy recuper\u00f3 la libertad por orden de la justicia.- El siguiente es el informe emitido por la polic\u00eda comunal esta tarde incluyendo la mdetenci\u00f3n de una mujer que circulaba con documentaci\u00f3n ap\u00f3crifa y pedido de captura activo: <\/p>\n<p>*En el d\u00eda de la fecha, siendo las 03 hs, circunstancias en que se hallaba haciendo operativo en el acceso a esta localidad y la ruta provincial n\u00ba 29, interceptan veh\u00edculo Renault 9, ocupado por 2NN masculinos y 2NN femeninos, todos oriundos de Guernica. Solicitado datos a sistema de inform\u00e1tica Radio Estaci\u00f3n San Vicente, se establece que ANALIA YAMILA CABRAL, mayor de edad, posee PEDIDO CAPTURA ACTIVO del Juzgado Federal Criminal y Correccional, Departamento Judicial San Isidro, por \u201cINFR ARTICULO 292 CODIGO PENAL\u201d, a ra\u00edz de que en reiteradas oportunidades, en el cual utilizaba distintos documentos ap\u00f3crifos, realizaba compras con tarjetas de cr\u00e9ditos, m\u00e1s precisamente en los locales comerciales, ej: Hendel, Lombardi y grandes cadenas de electrodom\u00e9sticos, donde luego de adquirir el producto se daba a la fuga, no pudiendo ser ubicada en los distintos domicilios que aportaba. Por la sumatoria de hechos delictivos, el Juzgado Federal interviniente, dict\u00f3 la captura a partir del agosto del a\u00f1o 2013. En \u00e9stos momentos est\u00e1 detenida y siendo trasladada al citado Juzgado Federal y Correccional por personal y medios de \u00e9sta seccional. <\/p>\n<p>*En otro \u00f3rden, en noche de ayer y madrugada de la fecha, personal de \u00e9sta polic\u00eda comunal, conjuntamente con personal de Polic\u00eda Comunal General Belgrano y GAD (Grupo Apoyo Departamental), a ra\u00edz de los \u00faltimos hechos acaecidos en el corredor de ruta provincial n\u00ba 29, se llev\u00f3 a cabo allanamiento en la ciudad de Monte Chingolo, partido de Lan\u00fas Este, con resultados POSITIVOS, tanto para los hechos de \u00e9sta localidad, como para los de la ciudad de General Belgrano, ya que se trataban de una banda que ven\u00eda azotando con distintos delitos en la poblaciones alejadas del Gran Buenos Aires; estableci\u00e9ndose que el bot\u00edn obtenido lo reduc\u00edan vendi\u00e9ndolo a la feria de Solano. &#8211;<\/p>\n<p>(Parte de Prensa del 20-11-2014)<\/p>\n<p>Fernando Javier Arrubia<br \/>\nComisario<br \/>\nJefe Pc\u00eda. Cnal. Gral Paz<\/p>\n<p><a href=\"https:\/\/grupotiempodigital.com.ar\/?attachment_id=5062\" rel=\"attachment wp-att-5062\"><img loading=\"lazy\" decoding=\"async\" src=\"https:\/\/grupotiempodigital.com.ar\/wp-content\/uploads\/2014\/11\/Allanamientos.jpg\" alt=\"\" title=\"Allanamientos\" width=\"388\" height=\"291\" class=\"alignleft size-full wp-image-5062\" srcset=\"https:\/\/grupotiempodigital.com.ar\/wp-content\/uploads\/2014\/11\/Allanamientos.jpg 388w, https:\/\/grupotiempodigital.com.ar\/wp-content\/uploads\/2014\/11\/Allanamientos-300x225.jpg 300w\" sizes=\"auto, (max-width: 388px) 100vw, 388px\" \/><\/a><\/p>\n","protected":false},"excerpt":{"rendered":"<p>Tal como lo adelantara en forma exclusiva este medio en su informe colgado anoche a las 22 Horas, en un<\/p>\n","protected":false},"author":3,"featured_media":5062,"comment_status":"open","ping_status":"open","sticky":false,"template":"","format":"standard","meta":{"colormag_page_container_layout":"default_layout","colormag_page_sidebar_layout":"default_layout","footnotes":""},"categories":[1],"tags":[],"class_list":["post-5059","post","type-post","status-publish","format-standard","has-post-thumbnail","hentry","category-actualidad"],"_links":{"self":[{"href":"https:\/\/grupotiempodigital.com.ar\/index.php?rest_route=\/wp\/v2\/posts\/5059","targetHints":{"allow":["GET"]}}],"collection":[{"href":"https:\/\/grupotiempodigital.com.ar\/index.php?rest_route=\/wp\/v2\/posts"}],"about":[{"href":"https:\/\/grupotiempodigital.com.ar\/index.php?rest_route=\/wp\/v2\/types\/post"}],"author":[{"embeddable":true,"href":"https:\/\/grupotiempodigital.com.ar\/index.php?rest_route=\/wp\/v2\/users\/3"}],"replies":[{"embeddable":true,"href":"https:\/\/grupotiempodigital.com.ar\/index.php?rest_route=%2Fwp%2Fv2%2Fcomments&post=5059"}],"version-history":[{"count":0,"href":"https:\/\/grupotiempodigital.com.ar\/index.php?rest_route=\/wp\/v2\/posts\/5059\/revisions"}],"wp:featuredmedia":[{"embeddable":true,"href":"https:\/\/grupotiempodigital.com.ar\/index.php?rest_route=\/wp\/v2\/media\/5062"}],"wp:attachment":[{"href":"https:\/\/grupotiempodigital.com.ar\/index.php?rest_route=%2Fwp%2Fv2%2Fmedia&parent=5059"}],"wp:term":[{"taxonomy":"category","embeddable":true,"href":"https:\/\/grupotiempodigital.com.ar\/index.php?rest_route=%2Fwp%2Fv2%2Fcategories&post=5059"},{"taxonomy":"post_tag","embeddable":true,"href":"https:\/\/grupotiempodigital.com.ar\/index.php?rest_route=%2Fwp%2Fv2%2Ftags&post=5059"}],"curies":[{"name":"wp","href":"https:\/\/api.w.org\/{rel}","templated":true}]}}