{"id":50566,"date":"2025-09-25T08:26:22","date_gmt":"2025-09-25T11:26:22","guid":{"rendered":"https:\/\/grupotiempodigital.com.ar\/?p=50566"},"modified":"2025-09-25T08:26:23","modified_gmt":"2025-09-25T11:26:23","slug":"ranchos-cortes-parciales-de-calles-por-tareas-de-mantenimiento-y-mejoras","status":"publish","type":"post","link":"https:\/\/grupotiempodigital.com.ar\/?p=50566","title":{"rendered":"RANCHOS: CORTES PARCIALES DE CALLES POR TAREAS DE MANTENIMIENTO Y MEJORAS"},"content":{"rendered":"\n<p>\ud83d\udea7 La Municipalidad de General Paz informa a la comunidad que en el marco de las tareas de mantenimiento y mejora de la infraestructura urbana, se llevar\u00e1n adelante intervenciones que requieren cortes parciales de tr\u00e1nsito en distintos puntos de la ciudad.<\/p>\n\n\n\n<p>\ud83d\udee3\ufe0f Calle Sarmiento, entre Pellegrini y Borges y Borges entre Seijas y Pastor Villanueva se realizar\u00e1n trabajos de bacheo, motivo por el cual el tr\u00e1nsito permanecer\u00e1 interrumpido mientras duren las tareas.<\/p>\n\n\n\n<p>\ud83d\udee3\ufe0f Calle Seijas, entre Espa\u00f1a y Mois\u00e9s Tinao: se desarrollar\u00e1n tareas en los conductos pluviales del casco urbano, lo que implicar\u00e1 el cierre de la circulaci\u00f3n en dicho sector.<\/p>\n\n\n\n<p>\u26a0\ufe0f Se solicita a las y los vecinos circular con precauci\u00f3n, respetar la se\u00f1alizaci\u00f3n y utilizar v\u00edas alternativas para facilitar el desarrollo de las obras.<\/p>\n\n\n\n<p>\ud83e\udd1dAgradecemos la comprensi\u00f3n y colaboraci\u00f3n de toda la comunidad ante estas mejoras que apuntan a una ciudad m\u00e1s segura y ordenada.<\/p>\n\n\n\n<figure class=\"wp-block-image size-large\"><img loading=\"lazy\" decoding=\"async\" width=\"1024\" height=\"682\" src=\"https:\/\/grupotiempodigital.com.ar\/wp-content\/uploads\/2025\/09\/1-4-1024x682.jpg\" alt=\"\" class=\"wp-image-50568\" srcset=\"https:\/\/grupotiempodigital.com.ar\/wp-content\/uploads\/2025\/09\/1-4-1024x682.jpg 1024w, https:\/\/grupotiempodigital.com.ar\/wp-content\/uploads\/2025\/09\/1-4-300x200.jpg 300w, https:\/\/grupotiempodigital.com.ar\/wp-content\/uploads\/2025\/09\/1-4-768x512.jpg 768w, https:\/\/grupotiempodigital.com.ar\/wp-content\/uploads\/2025\/09\/1-4-1536x1023.jpg 1536w, https:\/\/grupotiempodigital.com.ar\/wp-content\/uploads\/2025\/09\/1-4.jpg 1600w\" sizes=\"auto, (max-width: 1024px) 100vw, 1024px\" \/><\/figure>\n\n\n\n<figure class=\"wp-block-image size-large\"><img loading=\"lazy\" decoding=\"async\" width=\"1024\" height=\"682\" src=\"https:\/\/grupotiempodigital.com.ar\/wp-content\/uploads\/2025\/09\/2-3-1024x682.jpg\" alt=\"\" class=\"wp-image-50569\" srcset=\"https:\/\/grupotiempodigital.com.ar\/wp-content\/uploads\/2025\/09\/2-3-1024x682.jpg 1024w, https:\/\/grupotiempodigital.com.ar\/wp-content\/uploads\/2025\/09\/2-3-300x200.jpg 300w, https:\/\/grupotiempodigital.com.ar\/wp-content\/uploads\/2025\/09\/2-3-768x512.jpg 768w, https:\/\/grupotiempodigital.com.ar\/wp-content\/uploads\/2025\/09\/2-3-1536x1023.jpg 1536w, https:\/\/grupotiempodigital.com.ar\/wp-content\/uploads\/2025\/09\/2-3.jpg 1600w\" sizes=\"auto, (max-width: 1024px) 100vw, 1024px\" \/><\/figure>\n\n\n\n<figure class=\"wp-block-image size-large\"><img loading=\"lazy\" decoding=\"async\" width=\"1024\" height=\"682\" src=\"https:\/\/grupotiempodigital.com.ar\/wp-content\/uploads\/2025\/09\/3-1-1024x682.jpg\" alt=\"\" class=\"wp-image-50570\" srcset=\"https:\/\/grupotiempodigital.com.ar\/wp-content\/uploads\/2025\/09\/3-1-1024x682.jpg 1024w, https:\/\/grupotiempodigital.com.ar\/wp-content\/uploads\/2025\/09\/3-1-300x200.jpg 300w, https:\/\/grupotiempodigital.com.ar\/wp-content\/uploads\/2025\/09\/3-1-768x512.jpg 768w, https:\/\/grupotiempodigital.com.ar\/wp-content\/uploads\/2025\/09\/3-1-1536x1023.jpg 1536w, https:\/\/grupotiempodigital.com.ar\/wp-content\/uploads\/2025\/09\/3-1.jpg 1600w\" sizes=\"auto, (max-width: 1024px) 100vw, 1024px\" \/><\/figure>\n","protected":false},"excerpt":{"rendered":"<p>\ud83d\udea7 La Municipalidad de General Paz informa a la comunidad que en el marco de las tareas de mantenimiento y<\/p>\n","protected":false},"author":3,"featured_media":50567,"comment_status":"open","ping_status":"open","sticky":false,"template":"","format":"standard","meta":{"colormag_page_container_layout":"default_layout","colormag_page_sidebar_layout":"default_layout","footnotes":""},"categories":[1],"tags":[],"class_list":["post-50566","post","type-post","status-publish","format-standard","has-post-thumbnail","hentry","category-actualidad"],"_links":{"self":[{"href":"https:\/\/grupotiempodigital.com.ar\/index.php?rest_route=\/wp\/v2\/posts\/50566","targetHints":{"allow":["GET"]}}],"collection":[{"href":"https:\/\/grupotiempodigital.com.ar\/index.php?rest_route=\/wp\/v2\/posts"}],"about":[{"href":"https:\/\/grupotiempodigital.com.ar\/index.php?rest_route=\/wp\/v2\/types\/post"}],"author":[{"embeddable":true,"href":"https:\/\/grupotiempodigital.com.ar\/index.php?rest_route=\/wp\/v2\/users\/3"}],"replies":[{"embeddable":true,"href":"https:\/\/grupotiempodigital.com.ar\/index.php?rest_route=%2Fwp%2Fv2%2Fcomments&post=50566"}],"version-history":[{"count":1,"href":"https:\/\/grupotiempodigital.com.ar\/index.php?rest_route=\/wp\/v2\/posts\/50566\/revisions"}],"predecessor-version":[{"id":50571,"href":"https:\/\/grupotiempodigital.com.ar\/index.php?rest_route=\/wp\/v2\/posts\/50566\/revisions\/50571"}],"wp:featuredmedia":[{"embeddable":true,"href":"https:\/\/grupotiempodigital.com.ar\/index.php?rest_route=\/wp\/v2\/media\/50567"}],"wp:attachment":[{"href":"https:\/\/grupotiempodigital.com.ar\/index.php?rest_route=%2Fwp%2Fv2%2Fmedia&parent=50566"}],"wp:term":[{"taxonomy":"category","embeddable":true,"href":"https:\/\/grupotiempodigital.com.ar\/index.php?rest_route=%2Fwp%2Fv2%2Fcategories&post=50566"},{"taxonomy":"post_tag","embeddable":true,"href":"https:\/\/grupotiempodigital.com.ar\/index.php?rest_route=%2Fwp%2Fv2%2Ftags&post=50566"}],"curies":[{"name":"wp","href":"https:\/\/api.w.org\/{rel}","templated":true}]}}