{"id":50562,"date":"2025-09-25T08:20:34","date_gmt":"2025-09-25T11:20:34","guid":{"rendered":"https:\/\/grupotiempodigital.com.ar\/?p=50562"},"modified":"2025-09-25T08:54:02","modified_gmt":"2025-09-25T11:54:02","slug":"informacion-social-ranchos-chascomus-pila-377","status":"publish","type":"post","link":"https:\/\/grupotiempodigital.com.ar\/?p=50562","title":{"rendered":"INFORMACI\u00d3N SOCIAL RANCHOS &#8211; CHASCOM\u00daS \u2013 PILA"},"content":{"rendered":"\n<p><strong><u>CUMPLEA\u00d1OS RANCHOS JUEVES 25 DE SEPTIEMBRE<\/u><\/strong><strong>: FRANCO PRIETO, EDUARDO COLONNA (Pelusa), KARINA BONINI.<\/strong><\/p>\n\n\n\n<p><strong><u>FARMACIAS DE TURNO JUEVES 25 DE SEPTIEMBRE<\/u><\/strong><strong><\/strong><\/p>\n\n\n\n<p><strong>RANCHOS: TORRISSI (Mitre casi L. Giles)<\/strong><strong><\/strong><\/p>\n\n\n\n<p><strong>CHASCOM\u00daS: BELGRANO (Belgrano 649) y CANGIALOSI (Garay 56)<\/strong><\/p>\n\n\n\n<p><strong>PILA: MORISET (17 n\u00b0 227)<\/strong><\/p>\n\n\n\n<p><strong>NECROLOGICA RANCHOS<\/strong><\/p>\n\n\n\n<p><strong>Falleci\u00f3 a los 83 a\u00f1os de edad la se\u00f1ora LIDIA ESTER GALLEGOS, sus restos ser\u00e1n velados hoy jueves 25 desde las 10:00 hasta las 12:00 horas en Servicio Salatino,  luego inhumados en el cementerio local. (Salatino-Bilbao)<\/strong><\/p>\n","protected":false},"excerpt":{"rendered":"<p>CUMPLEA\u00d1OS RANCHOS JUEVES 25 DE SEPTIEMBRE: FRANCO PRIETO, EDUARDO COLONNA (Pelusa), KARINA BONINI. FARMACIAS DE TURNO JUEVES 25 DE SEPTIEMBRE<\/p>\n","protected":false},"author":3,"featured_media":47075,"comment_status":"open","ping_status":"open","sticky":false,"template":"","format":"standard","meta":{"colormag_page_container_layout":"default_layout","colormag_page_sidebar_layout":"default_layout","footnotes":""},"categories":[1],"tags":[],"class_list":["post-50562","post","type-post","status-publish","format-standard","has-post-thumbnail","hentry","category-actualidad"],"_links":{"self":[{"href":"https:\/\/grupotiempodigital.com.ar\/index.php?rest_route=\/wp\/v2\/posts\/50562","targetHints":{"allow":["GET"]}}],"collection":[{"href":"https:\/\/grupotiempodigital.com.ar\/index.php?rest_route=\/wp\/v2\/posts"}],"about":[{"href":"https:\/\/grupotiempodigital.com.ar\/index.php?rest_route=\/wp\/v2\/types\/post"}],"author":[{"embeddable":true,"href":"https:\/\/grupotiempodigital.com.ar\/index.php?rest_route=\/wp\/v2\/users\/3"}],"replies":[{"embeddable":true,"href":"https:\/\/grupotiempodigital.com.ar\/index.php?rest_route=%2Fwp%2Fv2%2Fcomments&post=50562"}],"version-history":[{"count":2,"href":"https:\/\/grupotiempodigital.com.ar\/index.php?rest_route=\/wp\/v2\/posts\/50562\/revisions"}],"predecessor-version":[{"id":50576,"href":"https:\/\/grupotiempodigital.com.ar\/index.php?rest_route=\/wp\/v2\/posts\/50562\/revisions\/50576"}],"wp:featuredmedia":[{"embeddable":true,"href":"https:\/\/grupotiempodigital.com.ar\/index.php?rest_route=\/wp\/v2\/media\/47075"}],"wp:attachment":[{"href":"https:\/\/grupotiempodigital.com.ar\/index.php?rest_route=%2Fwp%2Fv2%2Fmedia&parent=50562"}],"wp:term":[{"taxonomy":"category","embeddable":true,"href":"https:\/\/grupotiempodigital.com.ar\/index.php?rest_route=%2Fwp%2Fv2%2Fcategories&post=50562"},{"taxonomy":"post_tag","embeddable":true,"href":"https:\/\/grupotiempodigital.com.ar\/index.php?rest_route=%2Fwp%2Fv2%2Ftags&post=50562"}],"curies":[{"name":"wp","href":"https:\/\/api.w.org\/{rel}","templated":true}]}}