{"id":50556,"date":"2025-09-24T10:59:15","date_gmt":"2025-09-24T13:59:15","guid":{"rendered":"https:\/\/grupotiempodigital.com.ar\/?p=50556"},"modified":"2025-09-24T11:20:25","modified_gmt":"2025-09-24T14:20:25","slug":"el-grupo-de-los-12-intendentes-pidio-a-milei-que-recapacite-y-garantice-los-fondos-que-le-debe-a-la-provincia","status":"publish","type":"post","link":"https:\/\/grupotiempodigital.com.ar\/?p=50556","title":{"rendered":"El \u00abGrupo de los 12 intendentes\u00bb pidi\u00f3 a Milei que recapacite y garantice los fondos que le debe a la Provincia"},"content":{"rendered":"\n<p>El Grupo de los 12, conformado por Intendentes de la Quinta Secci\u00f3n Electoral, manifest\u00f3 su \u00abprofunda preocupaci\u00f3n por el deterioro econ\u00f3mico, social y productivo que atraviesa la regi\u00f3n, como consecuencia de las pol\u00edticas implementadas por el Gobierno Nacional de Javier Milei\u00bb.<\/p>\n\n\n\n<p>En un comunicado conjunto, los jefes comunales remarcaron que la crisis actual se refleja en m\u00faltiples aspectos que afectan directamente la vida de los vecinos. Entre ellos, se\u00f1alaron:<\/p>\n\n\n\n<p>-La paralizaci\u00f3n de la obra p\u00fablica nacional, que frena el desarrollo de infraestructura clave en los distritos.<\/p>\n\n\n\n<p>-La ca\u00edda de los salarios y la ausencia de pol\u00edticas que fomenten la creaci\u00f3n de empleo.<\/p>\n\n\n\n<p>-La p\u00e9rdida del poder adquisitivo de los jubilados, tras los recortes aplicados.<\/p>\n\n\n\n<p>-El vaciamiento del sistema de salud, que compromete la atenci\u00f3n de miles de personas.<\/p>\n\n\n\n<p>-El abandono de funciones esenciales por parte del Estado Nacional, lo que obliga a los municipios a hacerse cargo de responsabilidades que no les corresponden.<\/p>\n\n\n\n<p>Asimismo, expresaron su preocupaci\u00f3n frente al proyecto de presupuesto 2026 que contempla la eliminaci\u00f3n del beneficio de la Zona Fr\u00eda en las tarifas de gas, medida que impactar\u00eda en m\u00e1s de 5 millones de bonaerenses. Tambi\u00e9n advirtieron que las decisiones macroecon\u00f3micas y la pol\u00edtica cambiaria afectar\u00e1n gravemente a la pr\u00f3xima temporada tur\u00edstica.<\/p>\n\n\n\n<p>\u201cNuestros municipios no pueden sostener m\u00e1s las obligaciones que corresponden al Gobierno nacional. Llamamos al presidente Javier Milei a recapacitar, a garantizar los fondos coparticipables que le pertenecen por ley a la Provincia, y a apostar al federalismo y al bienestar general\u201d, expresaron.<\/p>\n\n\n\n<p>Finalmente, los intendentes subrayaron que la unidad es el \u00fanico camino para enfrentar estos profundos desaf\u00edos, defender a la Provincia y construir una alternativa pol\u00edtica frente a este ajuste que golpea a la clase media, a los trabajadores, al comercio, a las Pymes y a cada municipio bonaerense.<\/p>\n\n\n\n<p>El documento fue firmado por los intendentes\u00a0<strong>Francisco Echarren<\/strong>\u00a0(<a href=\"https:\/\/www.infozona.com.ar\/diario\/ciudad\/castelli-noticias\/\" target=\"_blank\" rel=\"noreferrer noopener\"><strong>Castelli<\/strong><\/a>),\u00a0<strong>Juan Pablo Garc\u00eda\u00a0<\/strong>(<a href=\"https:\/\/www.infozona.com.ar\/diario\/ciudad\/dolores-noticias\/\" target=\"_blank\" rel=\"noreferrer noopener\"><strong>Dolores<\/strong><\/a>),\u00a0<strong>Juan Manuel \u00c1lvarez<\/strong>\u00a0(<a href=\"https:\/\/www.infozona.com.ar\/diario\/ciudad\/ranchos-noticias\/\" target=\"_blank\" rel=\"noreferrer noopener\"><strong>General Paz<\/strong><\/a>),\u00a0<strong>Walter Wischnivetzky<\/strong>\u00a0(Mar Chiquita),\u00a0<strong>Sebasti\u00e1n Walker\u00a0<\/strong>(<a href=\"https:\/\/www.infozona.com.ar\/diario\/ciudad\/pila-noticias\/\" target=\"_blank\" rel=\"noreferrer noopener\"><strong>Pila<\/strong><\/a>),<strong>\u00a0Juan de Jes\u00fas<\/strong>\u00a0(<a href=\"https:\/\/www.infozona.com.ar\/diario\/ciudad\/la-costa\/\" target=\"_blank\" rel=\"noreferrer noopener\"><strong>La Costa<\/strong><\/a>),\u00a0<strong>Javier Gast\u00f3n\u00a0<\/strong>(<a href=\"https:\/\/www.infozona.com.ar\/diario\/ciudad\/chascomus-noticias\/\" target=\"_blank\" rel=\"noreferrer noopener\"><strong>Chascom\u00fas<\/strong><\/a>),\u00a0<strong>Carlos Rocha<\/strong>\u00a0(<a href=\"https:\/\/www.infozona.com.ar\/diario\/ciudad\/general-guido-noticias\/\" target=\"_blank\" rel=\"noreferrer noopener\"><strong>General Guido<\/strong><\/a>),\u00a0<strong>Sebasti\u00e1n Ianantuony<\/strong>\u00a0(General Alvarado),<strong>\u00a0Gustavo Barrer<\/strong>a (<a href=\"https:\/\/www.infozona.com.ar\/diario\/ciudad\/villa-gesell-noticias\/\" target=\"_blank\" rel=\"noreferrer noopener\"><strong>Villa Gesell<\/strong><\/a>),\u00a0<strong>Alberto Gelen\u00e9<\/strong>\u00a0(Las Flores) y\u00a0<strong>H\u00e9ctor Olivera\u00a0<\/strong>(<a href=\"https:\/\/www.infozona.com.ar\/diario\/ciudad\/tordillo-noticias\/\" target=\"_blank\" rel=\"noreferrer noopener\"><strong>Tordillo<\/strong><\/a>).<\/p>\n\n\n\n<p class=\"has-text-align-right\"><strong>(TODOPROVINCIAL .COM<\/strong><\/p>\n","protected":false},"excerpt":{"rendered":"<p>El Grupo de los 12, conformado por Intendentes de la Quinta Secci\u00f3n Electoral, manifest\u00f3 su \u00abprofunda preocupaci\u00f3n por el deterioro<\/p>\n","protected":false},"author":3,"featured_media":50557,"comment_status":"open","ping_status":"open","sticky":false,"template":"","format":"standard","meta":{"colormag_page_container_layout":"default_layout","colormag_page_sidebar_layout":"default_layout","footnotes":""},"categories":[1],"tags":[],"class_list":["post-50556","post","type-post","status-publish","format-standard","has-post-thumbnail","hentry","category-actualidad"],"_links":{"self":[{"href":"https:\/\/grupotiempodigital.com.ar\/index.php?rest_route=\/wp\/v2\/posts\/50556","targetHints":{"allow":["GET"]}}],"collection":[{"href":"https:\/\/grupotiempodigital.com.ar\/index.php?rest_route=\/wp\/v2\/posts"}],"about":[{"href":"https:\/\/grupotiempodigital.com.ar\/index.php?rest_route=\/wp\/v2\/types\/post"}],"author":[{"embeddable":true,"href":"https:\/\/grupotiempodigital.com.ar\/index.php?rest_route=\/wp\/v2\/users\/3"}],"replies":[{"embeddable":true,"href":"https:\/\/grupotiempodigital.com.ar\/index.php?rest_route=%2Fwp%2Fv2%2Fcomments&post=50556"}],"version-history":[{"count":2,"href":"https:\/\/grupotiempodigital.com.ar\/index.php?rest_route=\/wp\/v2\/posts\/50556\/revisions"}],"predecessor-version":[{"id":50559,"href":"https:\/\/grupotiempodigital.com.ar\/index.php?rest_route=\/wp\/v2\/posts\/50556\/revisions\/50559"}],"wp:featuredmedia":[{"embeddable":true,"href":"https:\/\/grupotiempodigital.com.ar\/index.php?rest_route=\/wp\/v2\/media\/50557"}],"wp:attachment":[{"href":"https:\/\/grupotiempodigital.com.ar\/index.php?rest_route=%2Fwp%2Fv2%2Fmedia&parent=50556"}],"wp:term":[{"taxonomy":"category","embeddable":true,"href":"https:\/\/grupotiempodigital.com.ar\/index.php?rest_route=%2Fwp%2Fv2%2Fcategories&post=50556"},{"taxonomy":"post_tag","embeddable":true,"href":"https:\/\/grupotiempodigital.com.ar\/index.php?rest_route=%2Fwp%2Fv2%2Ftags&post=50556"}],"curies":[{"name":"wp","href":"https:\/\/api.w.org\/{rel}","templated":true}]}}