{"id":50548,"date":"2025-09-24T08:38:29","date_gmt":"2025-09-24T11:38:29","guid":{"rendered":"https:\/\/grupotiempodigital.com.ar\/?p=50548"},"modified":"2025-09-24T08:38:30","modified_gmt":"2025-09-24T11:38:30","slug":"efemerides-del-24-de-septiembre","status":"publish","type":"post","link":"https:\/\/grupotiempodigital.com.ar\/?p=50548","title":{"rendered":"EFEMERIDES DEL 24 DE SEPTIEMBRE"},"content":{"rendered":"\n<ul class=\"wp-block-list\">\n<li><strong>DIA DEL COLECTIVERO<\/strong><strong>. Se celebra el D\u00eda del Colectivero en conmemoraci\u00f3n de la fecha de 1928 en la que comenz\u00f3 a circular ese medio de transporte en la ciudad de Buenos Aires.<\/strong><\/li>\n\n\n\n<li><strong>1812<\/strong><strong>\u00a0&#8211;\u00a0BATALLA DE TUCUM\u00c1N.\u00a0El Ej\u00e9rcito del Norte, al mando del general Manuel Belgrano, libra la batalla de Tucum\u00e1n contra las tropas espa\u00f1olas, lideradas por el brigadier Juan P\u00edo Trist\u00e1n, a las que derrotan al cabo de dos d\u00edas de lucha. El combate se libr\u00f3 cerca de la actual ciudad de Tucum\u00e1n, durante la segunda expedici\u00f3n auxiliadora al Alto Per\u00fa en la Guerra de la Independencia argentina.<\/strong><\/li>\n\n\n\n<li><strong>1893<\/strong><strong>\u00a0&#8211;\u00a0J. PEDRO GARRAHAN. Nace en Buenos Aires el m\u00e9dico pediatra y profesor universitario Juan Pedro Garrahan, miembro de honor de las sociedades de Pediatr\u00eda de Par\u00eds, Madrid, Montevideo y R\u00edo de Janeiro. En su honor, el Hospital Nacional de Pediatr\u00eda lleva su nombre.<\/strong><\/li>\n\n\n\n<li><strong>1940<\/strong><strong>\u00a0&#8211;\u00a0AMELITA BALTAR. Nace en Buenos Aires la cantante de tango y folclore Amelita Baltar (Mar\u00eda Amelia Baltar), la voz de una treintena de obras compuestas por Astor Piazzolla y Horacio Ferrer, entre ellas \u201cBalada para un loco\u201d.<\/strong><\/li>\n\n\n\n<li><strong>1941<\/strong><strong>\u00a0&#8211;\u00a0LINDA McCARTNEY. Nace en la villa de Scarsdale (Nueva York, EEUU) la cantante, compositora y fot\u00f3grafa estadounidense Linda McCartney (Linda Louise Eastman) activista en favor de los derechos de los animales y primera esposa del beatle Paul McCartney. Se convirti\u00f3 en Lady McCartney en 1977, cuando su marido fue condecorado como Sir por la Reina Isabel II de Inglaterra.<\/strong><\/li>\n\n\n\n<li><strong>1961<\/strong><strong>\u00a0&#8211;\u00a0ELIZABETH VERNACI. Nace en Buenos Aires la locutora y conductora de radio y televisi\u00f3n Elizabeth Vernaci, apodada \u201cla Negra\u201d, ganadora de una veintena de premios, entre ellos ocho Mart\u00edn Fierro.<\/strong><\/li>\n\n\n\n<li><strong>1983<\/strong><strong>\u00a0&#8211;\u00a0DIEGO A. MARADONA.\u00a0Jugando para el Barcelona, el astro argentino Diego Maradona sufre una fractura y rotura de ligamentos de su tobillo izquierdo al recibir un violento golpe de Andoni Goikoetxea, jugador del Athletic de Bilbao, en partido de la Liga de Espa\u00f1a. Maradona permaneci\u00f3 inactivo 106 d\u00edas a causa de la que fue la peor lesi\u00f3n sufrida en su carrera. La prensa de Barcelona llam\u00f3 \u00abEl Crimen\u00bb; al partido ante el Bilbao.<\/strong><\/li>\n\n\n\n<li><strong>1991<\/strong><strong>\u00a0&#8211;\u00a0NEVERMIND NIRVANA. Se publica \u201cNevermind\u201d, el segundo \u00e1lbum de la banda estadounidense de grunge Nirvana liderada por Kurt Cobain. Vendi\u00f3 m\u00e1s de 30 millones de copias. Fue clasificado en el puesto 17 en la lista de \u201cLos 500 mejores \u00e1lbumes de la historia\u00bb y en 1 de \u201cLos 100 mejores \u00e1lbumes de los a\u00f1os \u201890\u201d, seg\u00fan la revista Rolling Stone.<\/strong><\/li>\n\n\n\n<li><strong>2007<\/strong><strong>\u00a0&#8211;\u00a0BING BANG THEORY.\u00a0La cadena de televisi\u00f3n estadounidense CBS emite el primer cap\u00edtulo de la serie de comedia de situaci\u00f3n The Big Bang Theory, que se extender\u00eda con gran \u00e9xito en Estados Unidos y Latinoam\u00e9rica a lo largo de doce temporadas. Su \u00faltimo cap\u00edtulo fue emitido el 16 de mayo de 2019.<\/strong><\/li>\n\n\n\n<li><strong>2015<\/strong><strong>\u00a0&#8211;\u00a0ESTAMPIDA EN LA MECA. Mueren al menos 800 personas y otras 900 resultan heridas en una estampida desatada en la localidad de Mina, durante la peregrinaci\u00f3n hacia La Meca (Arabia Saudita), ciudad santa del Islam que cada a\u00f1o visitan m\u00e1s de millones de musulmanes. Ir\u00e1n y Pakist\u00e1n sostuvieron que el accidente caus\u00f3 m\u00e1s de un millar de muertos, mientras que medios de prensa calcularon m\u00e1s de 2.000.<\/strong><\/li>\n<\/ul>\n","protected":false},"excerpt":{"rendered":"","protected":false},"author":3,"featured_media":47067,"comment_status":"open","ping_status":"open","sticky":false,"template":"","format":"standard","meta":{"colormag_page_container_layout":"default_layout","colormag_page_sidebar_layout":"default_layout","footnotes":""},"categories":[1],"tags":[],"class_list":["post-50548","post","type-post","status-publish","format-standard","has-post-thumbnail","hentry","category-actualidad"],"_links":{"self":[{"href":"https:\/\/grupotiempodigital.com.ar\/index.php?rest_route=\/wp\/v2\/posts\/50548","targetHints":{"allow":["GET"]}}],"collection":[{"href":"https:\/\/grupotiempodigital.com.ar\/index.php?rest_route=\/wp\/v2\/posts"}],"about":[{"href":"https:\/\/grupotiempodigital.com.ar\/index.php?rest_route=\/wp\/v2\/types\/post"}],"author":[{"embeddable":true,"href":"https:\/\/grupotiempodigital.com.ar\/index.php?rest_route=\/wp\/v2\/users\/3"}],"replies":[{"embeddable":true,"href":"https:\/\/grupotiempodigital.com.ar\/index.php?rest_route=%2Fwp%2Fv2%2Fcomments&post=50548"}],"version-history":[{"count":1,"href":"https:\/\/grupotiempodigital.com.ar\/index.php?rest_route=\/wp\/v2\/posts\/50548\/revisions"}],"predecessor-version":[{"id":50549,"href":"https:\/\/grupotiempodigital.com.ar\/index.php?rest_route=\/wp\/v2\/posts\/50548\/revisions\/50549"}],"wp:featuredmedia":[{"embeddable":true,"href":"https:\/\/grupotiempodigital.com.ar\/index.php?rest_route=\/wp\/v2\/media\/47067"}],"wp:attachment":[{"href":"https:\/\/grupotiempodigital.com.ar\/index.php?rest_route=%2Fwp%2Fv2%2Fmedia&parent=50548"}],"wp:term":[{"taxonomy":"category","embeddable":true,"href":"https:\/\/grupotiempodigital.com.ar\/index.php?rest_route=%2Fwp%2Fv2%2Fcategories&post=50548"},{"taxonomy":"post_tag","embeddable":true,"href":"https:\/\/grupotiempodigital.com.ar\/index.php?rest_route=%2Fwp%2Fv2%2Ftags&post=50548"}],"curies":[{"name":"wp","href":"https:\/\/api.w.org\/{rel}","templated":true}]}}