{"id":50532,"date":"2025-09-23T09:46:23","date_gmt":"2025-09-23T12:46:23","guid":{"rendered":"https:\/\/grupotiempodigital.com.ar\/?p=50532"},"modified":"2025-09-23T09:46:23","modified_gmt":"2025-09-23T12:46:23","slug":"por-medidas-del-ejecutivo-en-noviembre-habra-un-fin-de-semana-xxl-de-cual-se-trata","status":"publish","type":"post","link":"https:\/\/grupotiempodigital.com.ar\/?p=50532","title":{"rendered":"Por medidas del Ejecutivo, en noviembre habr\u00e1 un fin de semana XXL: \u00bfde cu\u00e1l se trata?"},"content":{"rendered":"\n<p>A trav\u00e9s del Decreto 614\/2025,&nbsp;<mark>el presidente Javier Milei estableci\u00f3 un fin de semana XXL para el mes de noviembre, es decir de cuatro d\u00edas<\/mark>. Conoc\u00e9 todos los detalles en esta nota.<\/p>\n\n\n\n<p>Se trata del feriado del jueves 20 de noviembre por el&nbsp;<strong>D\u00eda de la Soberan\u00eda Naciona<\/strong>l, que ser\u00e1 trasladado al lunes 24. Y el viernes 21 ser\u00e1 feriado con fines tur\u00edsticos.<\/p>\n\n\n\n<p>De este modo, el fin de semana largo quedar\u00e1 conformado por el&nbsp;<strong>viernes, 21, s\u00e1bado 22, domingo 23 y lunes 24 de noviembre<\/strong>. Y tendr\u00e1 el objetivo de generar un mayor movimiento tur\u00edstico interno y ayudar a la reactivaci\u00f3n econ\u00f3mica en localidades por fuera de los grandes centros urbanos.<\/p>\n\n\n\n<h2 class=\"wp-block-heading\" id=\"h-que-se-conmemora-el-dia-de-la-soberania-nacional\">\u00bfQu\u00e9 se conmemora el D\u00eda de la Soberan\u00eda Nacional?<\/h2>\n\n\n\n<p>El D\u00eda de la Soberan\u00eda Nacional conmemora&nbsp;<strong>la batalla de la Vuelta de Obligado<\/strong>, que tuvo lugar el 20 de noviembre de 1845, al norte de la provincia de Buenos Aires.<\/p>\n\n\n\n<p>En esta fecha se recuerda la gesta heroica de los soldados de la Confederaci\u00f3n Argentina, liderada por<strong>&nbsp;Juan Manuel de Rosas<\/strong>, quienes resistieron la invasi\u00f3n del ej\u00e9rcito anglo-franc\u00e9s que pretend\u00eda colonizar los territorios de nuestro pa\u00eds.<\/p>\n\n\n\n<p>El n\u00famero de fuerzas enemigas superaba ampliamente en cantidad y modernidad de su armamento a las argentinas, que sin embargo pelearon durante siete horas. De este modo, lograron que las tropas adversarias no pudieran ocupar las costas, objetivo necesario para poder adentrarse en el territorio argentino.<\/p>\n\n\n\n<h2 class=\"wp-block-heading\" id=\"h-cuando-es-el-proximo-feriado\">\u00bfCu\u00e1ndo es el pr\u00f3ximo feriado?<\/h2>\n\n\n\n<p><a href=\"https:\/\/www.infocielo.com\/politica-y-economia\/modificaron-la-ley-que-regula-los-feriados-y-podria-sumarse-un-fin-de-semana-largo-en-octubre\">Como te contamos con anterioridad<\/a>, el mes pasado\u00a0<strong>el Gobierno modific\u00f3 las disposiciones de la Ley de Establecimiento de Feriados y Fines de Semana Largos (N\u00b0 27.399) y determin\u00f3 que, a partir de ahora, los feriados trasladables que caen s\u00e1bado o domingo pueden pasarse para el lunes posterior o para el viernes anterior<\/strong>. Hasta el momento, s\u00f3lo estaba previsto c\u00f3mo mover los feriados cuya fecha coincid\u00eda con d\u00edas de semana.<\/p>\n\n\n\n<p>A trav\u00e9s de la Resoluci\u00f3n 139\/25, firmada por el Jefe de Gabinete de la Naci\u00f3n Guillermo Francos, se traslad\u00f3 el feriado nacional por el&nbsp;<em>D\u00eda del Respeto a la Diversidad Cultural<\/em>&nbsp;del 12 de octubre al&nbsp;<strong>viernes 10<\/strong>.<\/p>\n\n\n\n<p class=\"has-text-align-right\"><strong>(Infocielo)<\/strong><\/p>\n","protected":false},"excerpt":{"rendered":"<p>A trav\u00e9s del Decreto 614\/2025,&nbsp;el presidente Javier Milei estableci\u00f3 un fin de semana XXL para el mes de noviembre, es<\/p>\n","protected":false},"author":3,"featured_media":50533,"comment_status":"open","ping_status":"open","sticky":false,"template":"","format":"standard","meta":{"colormag_page_container_layout":"default_layout","colormag_page_sidebar_layout":"default_layout","footnotes":""},"categories":[1],"tags":[],"class_list":["post-50532","post","type-post","status-publish","format-standard","has-post-thumbnail","hentry","category-actualidad"],"_links":{"self":[{"href":"https:\/\/grupotiempodigital.com.ar\/index.php?rest_route=\/wp\/v2\/posts\/50532","targetHints":{"allow":["GET"]}}],"collection":[{"href":"https:\/\/grupotiempodigital.com.ar\/index.php?rest_route=\/wp\/v2\/posts"}],"about":[{"href":"https:\/\/grupotiempodigital.com.ar\/index.php?rest_route=\/wp\/v2\/types\/post"}],"author":[{"embeddable":true,"href":"https:\/\/grupotiempodigital.com.ar\/index.php?rest_route=\/wp\/v2\/users\/3"}],"replies":[{"embeddable":true,"href":"https:\/\/grupotiempodigital.com.ar\/index.php?rest_route=%2Fwp%2Fv2%2Fcomments&post=50532"}],"version-history":[{"count":1,"href":"https:\/\/grupotiempodigital.com.ar\/index.php?rest_route=\/wp\/v2\/posts\/50532\/revisions"}],"predecessor-version":[{"id":50534,"href":"https:\/\/grupotiempodigital.com.ar\/index.php?rest_route=\/wp\/v2\/posts\/50532\/revisions\/50534"}],"wp:featuredmedia":[{"embeddable":true,"href":"https:\/\/grupotiempodigital.com.ar\/index.php?rest_route=\/wp\/v2\/media\/50533"}],"wp:attachment":[{"href":"https:\/\/grupotiempodigital.com.ar\/index.php?rest_route=%2Fwp%2Fv2%2Fmedia&parent=50532"}],"wp:term":[{"taxonomy":"category","embeddable":true,"href":"https:\/\/grupotiempodigital.com.ar\/index.php?rest_route=%2Fwp%2Fv2%2Fcategories&post=50532"},{"taxonomy":"post_tag","embeddable":true,"href":"https:\/\/grupotiempodigital.com.ar\/index.php?rest_route=%2Fwp%2Fv2%2Ftags&post=50532"}],"curies":[{"name":"wp","href":"https:\/\/api.w.org\/{rel}","templated":true}]}}