{"id":50530,"date":"2025-09-23T08:33:25","date_gmt":"2025-09-23T11:33:25","guid":{"rendered":"https:\/\/grupotiempodigital.com.ar\/?p=50530"},"modified":"2025-09-23T08:33:26","modified_gmt":"2025-09-23T11:33:26","slug":"efemerides-del-23-de-septiembre-2","status":"publish","type":"post","link":"https:\/\/grupotiempodigital.com.ar\/?p=50530","title":{"rendered":"EFEMERIDES DEL 23 DE SEPTIEMBRE"},"content":{"rendered":"\n<ul class=\"wp-block-list\">\n<li><strong>\u00a0&#8211; DERECHOS FEMENINOS<\/strong><strong>. Se celebra el D\u00eda Nacional de los Derechos Pol\u00edticos de la Mujer en conmemoraci\u00f3n de la promulgaci\u00f3n de la ley 13.010 que en 1947 estableci\u00f3 la igualdad de derechos pol\u00edticos entre mujeres y varones.<\/strong><\/li>\n\n\n\n<li><strong>\u00a0&#8211; EXPLOTACI\u00d3N SEXUAL<\/strong><strong>. Se celebra El D\u00eda Internacional contra la Explotaci\u00f3n Sexual y la Trata de Personas, instituido en 1999 en conmemoraci\u00f3n de la fecha de 1913 en la que se promulg\u00f3 en la Argentina la primera ley en el mundo contra la prostituci\u00f3n infantil, impulsada por el diputado socialista Alfredo Palacios.<\/strong><\/li>\n\n\n\n<li><strong>\u00a0<\/strong><strong>1778 &#8211; MARIANO MORENO<\/strong><strong>. Nace en Buenos Aires el abogado y periodista MarianoMoreno, uno de los principales ide\u00f3logos e impulsores de la Revoluci\u00f3n de Mayo de 1810 y secretario de la Primera Junta de Gobierno del Virreinato del R\u00edo de la Plata con autonom\u00eda de la corona espa\u00f1ola.<\/strong><\/li>\n\n\n\n<li><strong>1850 &#8211; JOS\u00c9 G. ARTIGAS<\/strong><strong>. A la edad de 86 a\u00f1os muere en Asunci\u00f3n del Paraguay el militar y estadista Jos\u00e9 Gervasio Artigas, de destacada participaci\u00f3n en la guerra de la independencia de las Provincias Unidas del R\u00edo de la Plata e impulsor del federalismo.<\/strong><\/li>\n\n\n\n<li><strong>1896 &#8211; RICARDO GUTI\u00c9RREZ<\/strong><strong>. Muere en Buenos Aires, a la edad de 59 a\u00f1os, el m\u00e9dico y escritor Ricardo Guti\u00e9rrez, uno de los fundadores del Hospital de Ni\u00f1os, donde trabaj\u00f3 gratuitamente durante 25 a\u00f1os. El hospital lleva su nombre desde 1946.<\/strong><\/li>\n\n\n\n<li><strong>1939 &#8211; SIGMUND FREUD<\/strong><strong>. A la edad de 83 a\u00f1os muere en Londres el m\u00e9dico neur\u00f3logo austr\u00edaco Sigmund Freud, considerado \u201cel padre del psicoan\u00e1lisis\u201d y uno de los intelectuales m\u00e1s influyentes del siglo XX.<\/strong><\/li>\n\n\n\n<li><strong>1949 &#8211; BRUCE SPRINGSTEEN<\/strong><strong>. Nace en la ciudad de Long Branch (Nueva Jersey, EEUU) el m\u00fasico y cantante estadounidense Bruce Springsteen, apodado \u201cthe boss\u201d (el jefe), quien lleva ganados 20 premios Grammy, dos Globo de Oro y un \u00d3scar. Vendi\u00f3 m\u00e1s de 120 millones de discos.<\/strong><\/li>\n\n\n\n<li><strong>1953 &#8211; ALFREDO DI ST\u00c9FANO<\/strong><strong>. El delantero Alfredo Di St\u00e9fano es presentado como nueva figura del Real Madrid espa\u00f1ol, en partido que perdi\u00f3 por 4-2 con el Nancy franc\u00e9s. La \u201csaeta rubia\u201d, que en ese partido marc\u00f3 el segundo gol \u201cmerengue\u201d, se convirti\u00f3 luego en uno de los m\u00e1ximos goleadores del equipo. Fue presidente honorario del Real Madrid entre 2000 y 2014, cuando falleci\u00f3.<\/strong><\/li>\n\n\n\n<li><strong>1973 &#8211; PABLO NERUDA<\/strong><strong>. Muere en Santiago de Chile, a la edad de 69 a\u00f1os, el poeta y pol\u00edtico chileno Pablo Neruda (Ricardo Eli\u00e9cer Neftal\u00ed Reyes Basoalto), ganador del Premio Nobel de Literatura de 1971. Neruda es una de las grandes figuras de la literatura del siglo XX.<\/strong><\/li>\n\n\n\n<li><strong>1973 &#8211; JUAN D. PER\u00d3N<\/strong><strong>. El expresidente y general Juan Domingo Per\u00f3n gana las elecciones presidenciales con el 61,85% de los votos con la f\u00f3rmula del Frente Justicialista de Liberaci\u00f3n Nacional (FREJULI), que llev\u00f3 a su esposa, Mar\u00eda Estela Mart\u00ednez, como vicepresidenta. Per\u00f3n acced\u00eda as\u00ed a su tercer mandato presidencial luego de 18 a\u00f1os en el exilio luego de su derrocamiento por el golpe de 1955.<\/strong><\/li>\n<\/ul>\n","protected":false},"excerpt":{"rendered":"","protected":false},"author":3,"featured_media":47067,"comment_status":"open","ping_status":"open","sticky":false,"template":"","format":"standard","meta":{"colormag_page_container_layout":"default_layout","colormag_page_sidebar_layout":"default_layout","footnotes":""},"categories":[1],"tags":[],"class_list":["post-50530","post","type-post","status-publish","format-standard","has-post-thumbnail","hentry","category-actualidad"],"_links":{"self":[{"href":"https:\/\/grupotiempodigital.com.ar\/index.php?rest_route=\/wp\/v2\/posts\/50530","targetHints":{"allow":["GET"]}}],"collection":[{"href":"https:\/\/grupotiempodigital.com.ar\/index.php?rest_route=\/wp\/v2\/posts"}],"about":[{"href":"https:\/\/grupotiempodigital.com.ar\/index.php?rest_route=\/wp\/v2\/types\/post"}],"author":[{"embeddable":true,"href":"https:\/\/grupotiempodigital.com.ar\/index.php?rest_route=\/wp\/v2\/users\/3"}],"replies":[{"embeddable":true,"href":"https:\/\/grupotiempodigital.com.ar\/index.php?rest_route=%2Fwp%2Fv2%2Fcomments&post=50530"}],"version-history":[{"count":1,"href":"https:\/\/grupotiempodigital.com.ar\/index.php?rest_route=\/wp\/v2\/posts\/50530\/revisions"}],"predecessor-version":[{"id":50531,"href":"https:\/\/grupotiempodigital.com.ar\/index.php?rest_route=\/wp\/v2\/posts\/50530\/revisions\/50531"}],"wp:featuredmedia":[{"embeddable":true,"href":"https:\/\/grupotiempodigital.com.ar\/index.php?rest_route=\/wp\/v2\/media\/47067"}],"wp:attachment":[{"href":"https:\/\/grupotiempodigital.com.ar\/index.php?rest_route=%2Fwp%2Fv2%2Fmedia&parent=50530"}],"wp:term":[{"taxonomy":"category","embeddable":true,"href":"https:\/\/grupotiempodigital.com.ar\/index.php?rest_route=%2Fwp%2Fv2%2Fcategories&post=50530"},{"taxonomy":"post_tag","embeddable":true,"href":"https:\/\/grupotiempodigital.com.ar\/index.php?rest_route=%2Fwp%2Fv2%2Ftags&post=50530"}],"curies":[{"name":"wp","href":"https:\/\/api.w.org\/{rel}","templated":true}]}}