{"id":50522,"date":"2025-09-22T09:46:38","date_gmt":"2025-09-22T12:46:38","guid":{"rendered":"https:\/\/grupotiempodigital.com.ar\/?p=50522"},"modified":"2025-09-22T09:46:39","modified_gmt":"2025-09-22T12:46:39","slug":"en-temporada-de-mosquitos-reforzar-la-prevencion-contra-la-encefalomielitis-equina","status":"publish","type":"post","link":"https:\/\/grupotiempodigital.com.ar\/?p=50522","title":{"rendered":"En temporada de mosquitos, reforzar la prevenci\u00f3n contra la encefalomielitis equina"},"content":{"rendered":"\n<p>Antes del inicio de la temporada estival, el Senasa brinda pautas y medidas para evitar el contagio y la propagaci\u00f3n del virus que afecta a los \u00e9quidos.<\/p>\n\n\n\n<p>Con el inicio de la <strong>primavera<\/strong> y el aumento de las temperaturas, el <strong>Senasa<\/strong> propone a productores y tenedores de equinos <strong>reforzar las medidas preventivas contra el virus<\/strong> de la <a href=\"https:\/\/www.argentina.gob.ar\/senasa\/encefalomielitis-equina\"><strong>encefalomielitis equina (EE)<\/strong><\/a>, enfermedad infecciosa que puede afectar el sistema nervioso central de los \u00e9quidos.<\/p>\n\n\n\n<p>La estacionalidad de este virus se encuentra vinculada al <strong>crecimiento poblacional de su insecto vector, el mosquito<\/strong>, favorecido por las condiciones clim\u00e1ticas. En el ciclo de la EE, las <strong>aves silvestres act\u00faan como reservorios naturales<\/strong>: al infectarse, desarrollan una elevada carga viral, que facilita la propagaci\u00f3n del agente a trav\u00e9s de la picadura de mosquitos u otros insectos hemat\u00f3fagos. Esta din\u00e1mica ocasiona la transmisi\u00f3n a los equinos y, en ocasiones, a las personas.<\/p>\n\n\n\n<p>En este contexto y considerando las semanas previas al inicio de la temporada estival, resulta fundamental que todos los productores que cuenten con equinos puedan <strong>completar el esquema de vacunaci\u00f3n contra la EE<\/strong>, requerido anualmente y de forma obligatoria por la <a href=\"https:\/\/www.argentina.gob.ar\/normativa\/nacional\/resoluci%C3%B3n-115-2024-396217\"><strong>Resoluci\u00f3n Senasa N.\u00b0 115\/2024<\/strong><\/a>.<\/p>\n\n\n\n<p>La <strong>vacunaci\u00f3n<\/strong>, que constituye la <strong>principal herramienta de prevenci\u00f3n<\/strong>, debe aplicarse a todos los <strong>\u00e9quidos mayores de dos meses de edad<\/strong>. El esquema contempla una dosis inicial para los ejemplares primovacunados, seguida de un refuerzo seg\u00fan los plazos indicados por cada laboratorio elaborador. Por su parte, los animales que ya cuenten con el esquema completo, solo deber\u00e1n aplicar una revacunaci\u00f3n anual.<\/p>\n\n\n\n<p><strong>Certificado de vacunaci\u00f3n<\/strong><\/p>\n\n\n\n<p>Cada equino vacunado deber\u00e1 contar con el <strong>certificado que acredite la aplicaci\u00f3n de la dosis<\/strong>, el cual deber\u00e1 ser emitido con la firma y el sello de un veterinario matriculado. Adem\u00e1s, la vacunaci\u00f3n tendr\u00e1 que asentarse en la <strong>Libreta Sanitaria Equina o Pasaporte Equino<\/strong>, documentos donde se deben consignar los datos que permitan identificar al animal involucrado y la informaci\u00f3n de la vacuna aplicada.<\/p>\n\n\n\n<p>Se recuerda que es fundamental el registro, ante el Senasa, de los certificados de vacunaci\u00f3n para el seguimiento y estudio epidemiol\u00f3gico de la enfermedad. Este procedimiento puede ser realizado mediante autogesti\u00f3n por todos los profesionales veterinarios \u2014acreditados en el <a href=\"https:\/\/www.argentina.gob.ar\/senasa\/programas-sanitarios\/cadenaanimal\/equinos\"><strong>Programa de Equinos<\/strong><\/a> o s\u00f3lo matriculados privados\u2014 en el <strong>Sistema \u00fanico de Registro (SUR)<\/strong> del organismo sanitario nacional.<\/p>\n\n\n\n<p><strong>S\u00edntomas y signos cl\u00ednicos<\/strong><\/p>\n\n\n\n<p>La EE puede presentarse de tres formas cl\u00ednicas: con una <strong>infecci\u00f3n inaparente, por un s\u00edndrome febril o una encefalomielitis con s\u00edntomas iniciales como fiebre, anorexia y depresi\u00f3n<\/strong>. En casos graves, esta \u00faltima forma puede generar en los equinos <strong>actividad mental alterada, hipersensibilidad a los est\u00edmulos, movimientos musculares involuntarios, disminuci\u00f3n de la visi\u00f3n, deambulaci\u00f3n, incapacidad para tragar, ataxia, paresia, par\u00e1lisis, convulsiones, per\u00edodos de excitaci\u00f3n, prurito intenso, movimiento de \u201cpedaleo\u201d, diarrea o constipaci\u00f3n<\/strong>. Sin embargo, esta forma cl\u00ednica tiene mayores probabilidades de ser asintom\u00e1tica o leve.<\/p>\n\n\n\n<p><strong>Notificaci\u00f3n<\/strong><\/p>\n\n\n\n<p>Los equinos que contraen esta enfermedad pueden presentar cuadros neurol\u00f3gicos con diferentes signolog\u00edas, tales como <strong>deambulaciones, hiperexcitaci\u00f3n, depresi\u00f3n, hipertermia y dec\u00fabito<\/strong>, principalmente.<br \/>Ante la detecci\u00f3n de estos s\u00edntomas, cualquier persona puede dar aviso r\u00e1pidamente al Senasa concurriendo a la <a href=\"https:\/\/www.argentina.gob.ar\/node\/100415\"><strong>oficina m\u00e1s cercana<\/strong><\/a>, personalmente o por tel\u00e9fono; enviando un Whatsapp al <a href=\"https:\/\/api.whatsapp.com\/send\/?phone=541157005704&amp;text=Hola!%20Quiero%20Informaci%C3%B3n\"><strong>(11) 5700-5704<\/strong><\/a>; escribiendo un correo electr\u00f3nico a: <a href=\"https:\/\/www.argentina.gob.ar\/noticias\/notificaciones@senasa.gob.ar\"><strong>notificaciones@senasa.gob.ar<\/strong><\/a>; o a trav\u00e9s del <a href=\"https:\/\/www.argentina.gob.ar\/senasa\/avisa-al-senasa-sanidad-animal\"><strong>Formulario Avis\u00e1 al Senasa<\/strong><\/a>, disponible en el sitio web oficial.<\/p>\n\n\n\n<p>Para mayor informaci\u00f3n sobre la enfermedad ingresar al <a href=\"https:\/\/www.argentina.gob.ar\/senasa\/encefalomielitis-equina\"><strong>Micrositio<\/strong><\/a> del organismo.<\/p>\n\n\n\n<figure class=\"wp-block-image size-full\"><img loading=\"lazy\" decoding=\"async\" width=\"283\" height=\"162\" src=\"https:\/\/grupotiempodigital.com.ar\/wp-content\/uploads\/2024\/05\/SENASA-ROCCA.jpg\" alt=\"\" class=\"wp-image-45627\"\/><\/figure>\n","protected":false},"excerpt":{"rendered":"<p>Antes del inicio de la temporada estival, el Senasa brinda pautas y medidas para evitar el contagio y la propagaci\u00f3n<\/p>\n","protected":false},"author":3,"featured_media":45626,"comment_status":"open","ping_status":"open","sticky":false,"template":"","format":"standard","meta":{"colormag_page_container_layout":"default_layout","colormag_page_sidebar_layout":"default_layout","footnotes":""},"categories":[1],"tags":[],"class_list":["post-50522","post","type-post","status-publish","format-standard","has-post-thumbnail","hentry","category-actualidad"],"_links":{"self":[{"href":"https:\/\/grupotiempodigital.com.ar\/index.php?rest_route=\/wp\/v2\/posts\/50522","targetHints":{"allow":["GET"]}}],"collection":[{"href":"https:\/\/grupotiempodigital.com.ar\/index.php?rest_route=\/wp\/v2\/posts"}],"about":[{"href":"https:\/\/grupotiempodigital.com.ar\/index.php?rest_route=\/wp\/v2\/types\/post"}],"author":[{"embeddable":true,"href":"https:\/\/grupotiempodigital.com.ar\/index.php?rest_route=\/wp\/v2\/users\/3"}],"replies":[{"embeddable":true,"href":"https:\/\/grupotiempodigital.com.ar\/index.php?rest_route=%2Fwp%2Fv2%2Fcomments&post=50522"}],"version-history":[{"count":1,"href":"https:\/\/grupotiempodigital.com.ar\/index.php?rest_route=\/wp\/v2\/posts\/50522\/revisions"}],"predecessor-version":[{"id":50523,"href":"https:\/\/grupotiempodigital.com.ar\/index.php?rest_route=\/wp\/v2\/posts\/50522\/revisions\/50523"}],"wp:featuredmedia":[{"embeddable":true,"href":"https:\/\/grupotiempodigital.com.ar\/index.php?rest_route=\/wp\/v2\/media\/45626"}],"wp:attachment":[{"href":"https:\/\/grupotiempodigital.com.ar\/index.php?rest_route=%2Fwp%2Fv2%2Fmedia&parent=50522"}],"wp:term":[{"taxonomy":"category","embeddable":true,"href":"https:\/\/grupotiempodigital.com.ar\/index.php?rest_route=%2Fwp%2Fv2%2Fcategories&post=50522"},{"taxonomy":"post_tag","embeddable":true,"href":"https:\/\/grupotiempodigital.com.ar\/index.php?rest_route=%2Fwp%2Fv2%2Ftags&post=50522"}],"curies":[{"name":"wp","href":"https:\/\/api.w.org\/{rel}","templated":true}]}}