{"id":5052,"date":"2014-11-19T23:11:55","date_gmt":"2014-11-20T02:11:55","guid":{"rendered":"http:\/\/grupotiempodigital.com.ar\/?p=5052"},"modified":"2014-11-19T23:14:15","modified_gmt":"2014-11-20T02:14:15","slug":"el-robo-a-la-senora-rescinito-allanamientos-en-este-momento-y-el-caso-del-celular-en-la-vereda-en-ranchos","status":"publish","type":"post","link":"https:\/\/grupotiempodigital.com.ar\/?p=5052","title":{"rendered":"El robo a la se\u00f1ora Rescinito, allanamientos en este momento y el caso del celular en la vereda en Ranchos"},"content":{"rendered":"<p>Hab\u00edan pasado algunos minutos de las 11 hs del martes cuando Mirta Rescinito Vda de Dellavedova ( Pocha) ingres\u00f3 al garage de su casa en la calle Rivadavia 2935, en la intersecci\u00f3n de esta arteria con Sarmiento, tras cobrar un dinero de su jubilaci\u00f3n ( y\/o pensi\u00f3n) del banco de la Provincia local. No alcanz\u00f3 a descender de su autom\u00f3vil cuando un joven la amenaz\u00f3 con un arma de fuego y le exigi\u00f3 la entrega del dinero y huy\u00f3 ante el estado de  shock de la v\u00edctima que solo atin\u00f3 a mirar el espejo retrovisor por el cual logr\u00f3 divisar como el delincuente part\u00eda en un auto \u201cclarito\u201d con la compa\u00f1\u00eda de otra persona. \u201c No te muevas por media hora\u201d fue la amenaza del delincuente.<br \/>\nNo esper\u00f3 tanto para llamar a la polic\u00eda y a alg\u00fan familiar en medio del estado natural que la embargaba.-<br \/>\nHABLA EL COMISARIO<br \/>\nEn la ma\u00f1ana de este mi\u00e9rcoles el Crio Fernando Arrubia fue abordado por las radios de TIEMPO en la ma\u00f1ana conducida por su director Ruben Martinez. En primera instancia el periodista le se\u00f1al\u00f3 al jefe policial su fastidio por la demora que la polic\u00eda tuvo primero en informaar el caso y \u201chasta en aceptarlo oficialmente ante una consulta telef\u00f3nica\u201d. \u201c No soy de los que pienso que los medios detenemos a los delincuentes,pero est\u00e1 probado que la r\u00e1pida difusi\u00f3n ha evitado que los ladrones consumen otro robo en la zona. En nuestro caso ocurri\u00f3 con la llamada \u201c Banda de los chetos que tras robar en la pensi\u00f3n Ortiz en Ranchos intentaron la ma\u00f1ana siguiente hacer lo mismo en Lezama y el hecho se frustr\u00f3 por la informaci\u00f3n que la apuntada v\u00edctima ten\u00edaa a trav\u00e9s de nuestras radios. En este caso, el robo fue a las 11 Hs y reci\u00e9n despu\u00e9s de las 18 horas se emiti\u00f3 la informaci\u00f3n\u201d reproch\u00f3 Martinez.-<br \/>\n\u201cAsumo esa responsabilidad y tiene raz\u00f3n\u201d dijo Arrubia. \u201cOcurre que apenas me informan del hecho nos abocamos de lleno a registrar las c\u00e1maras e intentar un operativo cerrojo, mientras tratamos de lograr alg\u00fan testimonio mas del auto utilizado. Y se nos demor\u00f3 la informaci\u00f3n\u201d agreg\u00f3 el comisario.<br \/>\nEn cuanto al hecho en s\u00ed, reconoci\u00f3 que \u201c son pocos los datos que poseemos. Autos claritos tenemos docenas registrados en las c\u00e1maras de seguridad, pero no tenemos ninguno que se observe siguiendo a la se\u00f1ora o saliendo de su casa, porque justo en ese lugar no tenemos c\u00e1maras. Tampoco hay testigos que hayan visto al auto\u201d agreg\u00f3.<br \/>\n\u201cDe todos modos estamos trabajando intensamente procurando saber si hay relaci\u00f3n con otros hechos ocurridos en una ciudad vecina d\u00edas pasados y que tenemos casi esclarecidos aqu\u00ed por nuestras c\u00e1maras en la ruta 29. Hay una banda operando que viene del gran Buenos Aires y que lleg\u00f3 a Belgrano y hoy ( mi\u00e9rcoles ) habr\u00e1 novedades con algunos operativos que haremos\u201d confi\u00f3.<br \/>\nULTIMO MOMENTO: ALLANAMIENTO QUE PODRIA TRAER NOVEDADES<br \/>\nEn las primeras horas de la noche, Arrubia con personal propio y efectivos del GAT realizaban allanamientos en una vivienda del gran Buenos Aires donde hallaron un veh\u00edculo color negro, cuya patente coincide con la registrada por las c\u00e1maras de la ruta 29 en d\u00eda y horario de un robo en Belgrano. El conductor de ese veh\u00edculo  no fue encontrado, pero en el domicilio se ubic\u00f3 a un familiar que tiene antecedentes y que se moviliza en un auto clarito. Tambi\u00e9n en el lugar se secuestraron elementos que podr\u00edan pertenecer a alg\u00fan robo en Ranchos, probablemente en el domicilio de Claudio Izurieta, del que se informa por separado aqu\u00ed.<br \/>\nEl operativo estaba siendo filmado en su totalidad y podr\u00eda haber novedades en las primeras horas de este jueves si los elementos son reconocidos como propios por alguna de las v\u00edctimas.-<br \/>\n\u00bf QUE PASO CON EL CELULAR DE RESCINITO?<br \/>\nTIEMPO DIGITAL pudo confirmar que es investigado un caso \u201ccurioso\u201d que se registr\u00f3 tras el robo a la se\u00f1ora Rescinito. Tal como informamos, tras el delito, ella llam\u00f3 a la polic\u00eda y alg\u00fan familiar con su celular. Sin embargo, luego de los  peritajes que realiz\u00f3 personal de la polic\u00eda local, junto con la Brigada el celular de la damnificada desapareci\u00f3 de la casa. Extra\u00f1amente apareci\u00f3 un rato despu\u00e9s junto a un \u00e1rbol en la vereda frente a la casa y sin el \u201cchip\u201d correspondiente.<br \/>\nEl caso ha generado en primer lugar el natural planteo de la v\u00edctima y en segundo una cuesti\u00f3n de orden interno en la fuerza que bien vale seguir de cerca. Alguna fuente record\u00f3 la fuerte inerna que esta polic\u00eda comunal atravez\u00f3 no hace mucho tiempo, ciertas operaciones de car\u00e1cter pol\u00edtico que resultan en algunos casos evidentes y que podr\u00edan no ser ajenas a esta sugestivo episodio.<br \/>\n( amplia cobertura este jueves en TIEMPO DE RADIO por las radios de TIEMPO)<\/p>\n<p>( escuchar entrevista con el comisario Arrubia)<br \/>\n<object id=\"player3756073\" width=\"240\" height=\"133\" type=\"application\/x-shockwave-flash\" data=\"http:\/\/www.ivoox.com\/playerivoox_ee_3756073_1.html\"><param name=\"movie\" value=\"http:\/\/www.ivoox.com\/playerivoox_ee_3756073_1.html\"><\/param><param name=\"AllowScriptAccess\" value=\"always\"><\/param><param name=\"allowFullScreen\" value=\"true\"><\/param><param name=\"wmode\" value=\"transparent\"><\/param><embed src=\"http:\/\/www.ivoox.com\/playerivoox_ee_3756073_1.html\" type=\"application\/x-shockwave-flash\" allowfullscreen=\"true\" wmode=\"transparent\" allowscriptaccess=\"always\" width=\"240\" height=\"133\"><\/embed><\/object><\/p>\n","protected":false},"excerpt":{"rendered":"<p>Hab\u00edan pasado algunos minutos de las 11 hs del martes cuando Mirta Rescinito Vda de Dellavedova ( Pocha) ingres\u00f3 al<\/p>\n","protected":false},"author":3,"featured_media":4183,"comment_status":"open","ping_status":"open","sticky":false,"template":"","format":"standard","meta":{"colormag_page_container_layout":"default_layout","colormag_page_sidebar_layout":"default_layout","footnotes":""},"categories":[1],"tags":[],"class_list":["post-5052","post","type-post","status-publish","format-standard","has-post-thumbnail","hentry","category-actualidad"],"_links":{"self":[{"href":"https:\/\/grupotiempodigital.com.ar\/index.php?rest_route=\/wp\/v2\/posts\/5052","targetHints":{"allow":["GET"]}}],"collection":[{"href":"https:\/\/grupotiempodigital.com.ar\/index.php?rest_route=\/wp\/v2\/posts"}],"about":[{"href":"https:\/\/grupotiempodigital.com.ar\/index.php?rest_route=\/wp\/v2\/types\/post"}],"author":[{"embeddable":true,"href":"https:\/\/grupotiempodigital.com.ar\/index.php?rest_route=\/wp\/v2\/users\/3"}],"replies":[{"embeddable":true,"href":"https:\/\/grupotiempodigital.com.ar\/index.php?rest_route=%2Fwp%2Fv2%2Fcomments&post=5052"}],"version-history":[{"count":0,"href":"https:\/\/grupotiempodigital.com.ar\/index.php?rest_route=\/wp\/v2\/posts\/5052\/revisions"}],"wp:featuredmedia":[{"embeddable":true,"href":"https:\/\/grupotiempodigital.com.ar\/index.php?rest_route=\/wp\/v2\/media\/4183"}],"wp:attachment":[{"href":"https:\/\/grupotiempodigital.com.ar\/index.php?rest_route=%2Fwp%2Fv2%2Fmedia&parent=5052"}],"wp:term":[{"taxonomy":"category","embeddable":true,"href":"https:\/\/grupotiempodigital.com.ar\/index.php?rest_route=%2Fwp%2Fv2%2Fcategories&post=5052"},{"taxonomy":"post_tag","embeddable":true,"href":"https:\/\/grupotiempodigital.com.ar\/index.php?rest_route=%2Fwp%2Fv2%2Ftags&post=5052"}],"curies":[{"name":"wp","href":"https:\/\/api.w.org\/{rel}","templated":true}]}}