{"id":50518,"date":"2025-09-22T08:47:05","date_gmt":"2025-09-22T11:47:05","guid":{"rendered":"https:\/\/grupotiempodigital.com.ar\/?p=50518"},"modified":"2025-09-22T08:47:06","modified_gmt":"2025-09-22T11:47:06","slug":"efemerides-del-22-de-septiembre","status":"publish","type":"post","link":"https:\/\/grupotiempodigital.com.ar\/?p=50518","title":{"rendered":"EFEMERIDES DEL 22 DE SEPTIEMBRE"},"content":{"rendered":"\n<ul class=\"wp-block-list\">\n<li><strong>\u00a0&#8211; D\u00cdA SIN AUTOM\u00d3VIL.\u00a0<\/strong><strong>Se celebra el D\u00eda Internacional sin Autom\u00f3vil, propuesto en 2000 por la Uni\u00f3n Europea aunque a\u00f1os antes se cumpl\u00eda en ciudades de Islandia, Francia y Reino Unido con el fin de crear conciencia de los da\u00f1os por contaminaci\u00f3n ambiental que causa el uso a gran escala de veh\u00edculos con motores de combusti\u00f3n interna.<\/strong><\/li>\n\n\n\n<li><strong>\u00a01868 &#8211; LUIS AGOTE.\u00a0Nace en Buenos Aires el m\u00e9dico e investigador Luis Agote, el primer profesional en el mundo en realizar transfusiones indirectas sin que la sangre se coagule en el recipiente que la contiene, un m\u00e9todo desarrollado por \u00e9l.<\/strong><\/li>\n\n\n\n<li><strong>1957 &#8211; CARLOS J\u00c1UREGUI.<\/strong><strong>\u00a0Nace en la ciudad bonaerense de La Plata el profesor de historia y activista por los derechos LGTB Carlos Luis J\u00e1uregui, primer presidente de la Comunidad Homosexual Argentina, cargo que ejerci\u00f3 entre 1984 y 1987.<\/strong><\/li>\n\n\n\n<li><strong>1958 &#8211; ANDREA BOCELLI.\u00a0<\/strong><strong>Nace en el pueblo de Lajatico (Toscana, Italia) el tenor y productor musical Andrea Bocelli, quien revolucion\u00f3 el canto l\u00edrico y ha grabado diez c\u00e9lebres \u00f3peras completas, entre ellas La Boh\u00e8me, Romeo y Julieta y Tosca.Vendi\u00f3 m\u00e1s de 90 millones de discos.<\/strong><\/li>\n\n\n\n<li><strong>1971 &#8211; CARLOS BILARDO.<\/strong><strong>\u00a0Debuta como DT de Estudiantes de La Plata el ex futbolista y entrenador Carlos Salvador Bilardo, en el partido que el equipo \u201cpincharrata\u201d venci\u00f3 por 1-0 a Platense, con gol del delantero Pedro Verde. Fue la primera de las cuatro veces que Bilardo dirigi\u00f3 a Estudiantes de La Plata, donde como jugador gan\u00f3 la Copa Libertadores y la Intercontinental de 1968.<\/strong><\/li>\n\n\n\n<li><strong>1980 &#8211; GUERRA IR\u00c1N IRAK<\/strong><strong>. Comienza una guerra entre Ir\u00e1n e Irak, que exig\u00eda una nueva delimitaci\u00f3n fronteriza con la que buscaba anexar la regi\u00f3n de Shatt al-Arab, en manos iran\u00edes. El conflicto, que dur\u00f3 casi ocho a\u00f1os, dej\u00f3 un mill\u00f3n de muertos y grandes da\u00f1os econ\u00f3micos en los dos bandos. Concluy\u00f3 el 20 de agosto de 1988 sin un claro vencedor.<\/strong><\/li>\n\n\n\n<li><strong>1992 &#8211; DIEGO MARADONA.\u00a0<\/strong><strong>Tras cumplir 15 meses de suspensi\u00f3n por d\u00f3ping, Diego Maradona firma contrato con el Sevilla espa\u00f1ol tras desvincularse del N\u00e1poli italiano, que recibi\u00f3 7,5 millones de d\u00f3lares por el traspaso. Maradona, por entonces de 32 a\u00f1os, jug\u00f3 29 partidos y marc\u00f3 seis goles en el Sevilla, donde form\u00f3 una afilada dupla de ataque con el goleador croata Davor Suker.<\/strong><\/li>\n\n\n\n<li><strong>1994 &#8211; SERIE FRIENDS.<\/strong><strong>\u00a0La cadena estadounidense NBC emite el primer cap\u00edtulo de la comedia de situaci\u00f3n Friends, producida por Marta Kauffman y David Crane, y que se convirti\u00f3 en un \u00e9xito global. El \u00faltimo cap\u00edtulo de la exitosa serie se emiti\u00f3 el 6 de mayo de 2004.<\/strong><\/li>\n\n\n\n<li><strong>2007 &#8211; MARCEL MARCEAU.\u00a0<\/strong><strong>Muere en la ciudad de Cahors (Francia), a la edad de 84 a\u00f1os, el actor y mimo franc\u00e9s Marcel Marceau (Marcel Mangel), considerado un gran maestro de la pantomima. En su honor cada 22 de septiembre se celebra el D\u00eda Internacional del Mimo.<\/strong><\/li>\n\n\n\n<li><strong>2020 &#8211; RAMONA GALARZA.<\/strong><strong>\u00a0A la edad de 80 a\u00f1os la cantante de folclore Ramona Galarza (Ramona Modesta Onetto Galarza), figura del chamam\u00e9 y la m\u00fasica litorale\u00f1a. Grab\u00f3 m\u00e1s de 30 discos.<\/strong><\/li>\n<\/ul>\n","protected":false},"excerpt":{"rendered":"","protected":false},"author":3,"featured_media":47067,"comment_status":"open","ping_status":"open","sticky":false,"template":"","format":"standard","meta":{"colormag_page_container_layout":"default_layout","colormag_page_sidebar_layout":"default_layout","footnotes":""},"categories":[1],"tags":[],"class_list":["post-50518","post","type-post","status-publish","format-standard","has-post-thumbnail","hentry","category-actualidad"],"_links":{"self":[{"href":"https:\/\/grupotiempodigital.com.ar\/index.php?rest_route=\/wp\/v2\/posts\/50518","targetHints":{"allow":["GET"]}}],"collection":[{"href":"https:\/\/grupotiempodigital.com.ar\/index.php?rest_route=\/wp\/v2\/posts"}],"about":[{"href":"https:\/\/grupotiempodigital.com.ar\/index.php?rest_route=\/wp\/v2\/types\/post"}],"author":[{"embeddable":true,"href":"https:\/\/grupotiempodigital.com.ar\/index.php?rest_route=\/wp\/v2\/users\/3"}],"replies":[{"embeddable":true,"href":"https:\/\/grupotiempodigital.com.ar\/index.php?rest_route=%2Fwp%2Fv2%2Fcomments&post=50518"}],"version-history":[{"count":1,"href":"https:\/\/grupotiempodigital.com.ar\/index.php?rest_route=\/wp\/v2\/posts\/50518\/revisions"}],"predecessor-version":[{"id":50519,"href":"https:\/\/grupotiempodigital.com.ar\/index.php?rest_route=\/wp\/v2\/posts\/50518\/revisions\/50519"}],"wp:featuredmedia":[{"embeddable":true,"href":"https:\/\/grupotiempodigital.com.ar\/index.php?rest_route=\/wp\/v2\/media\/47067"}],"wp:attachment":[{"href":"https:\/\/grupotiempodigital.com.ar\/index.php?rest_route=%2Fwp%2Fv2%2Fmedia&parent=50518"}],"wp:term":[{"taxonomy":"category","embeddable":true,"href":"https:\/\/grupotiempodigital.com.ar\/index.php?rest_route=%2Fwp%2Fv2%2Fcategories&post=50518"},{"taxonomy":"post_tag","embeddable":true,"href":"https:\/\/grupotiempodigital.com.ar\/index.php?rest_route=%2Fwp%2Fv2%2Ftags&post=50518"}],"curies":[{"name":"wp","href":"https:\/\/api.w.org\/{rel}","templated":true}]}}