{"id":50512,"date":"2025-09-19T10:49:39","date_gmt":"2025-09-19T13:49:39","guid":{"rendered":"https:\/\/grupotiempodigital.com.ar\/?p=50512"},"modified":"2025-09-19T10:49:40","modified_gmt":"2025-09-19T13:49:40","slug":"nueva-habilitacion-de-transportes-de-animales-vivos-y-productos-de-origen-animal","status":"publish","type":"post","link":"https:\/\/grupotiempodigital.com.ar\/?p=50512","title":{"rendered":"Nueva habilitaci\u00f3n de transportes de animales vivos y productos de origen animal"},"content":{"rendered":"\n<p>La Resoluci\u00f3n Senasa 723\/25 incorpor\u00f3 los veh\u00edculos \u201cBitren\u201d y multiespecie y cre\u00f3 el Programa de Certificaci\u00f3n Sanitaria Oficial de Fabricaci\u00f3n de Veh\u00edculos, entre otras medidas.<\/p>\n\n\n\n<p>El <strong>Senasa<\/strong> actualiz\u00f3 las condiciones y procedimientos de <strong>habilitaci\u00f3n de los transportes de animales vivos y productos de origen animal<\/strong> mejorando las exigencias t\u00e9cnicas y sanitarias que deben cumplir en todo el territorio nacional, con el fin de fortalecer un eslab\u00f3n fundamental de la cadena agroproductiva.<\/p>\n\n\n\n<p>La nueva medida, normada en la <a href=\"https:\/\/www.boletinoficial.gob.ar\/detalleAviso\/primera\/331633\/20250919\"><strong>Resoluci\u00f3n Senasa N.\u00b0 723\/2025<\/strong><\/a>, publicada hoy en el Bolet\u00edn Oficial, incorpora \u2014entre otras medidas\u2014 nuevos tipos de transporte, como el <strong>\u201cBitren\u201d<\/strong>, un veh\u00edculo articulado para el traslado de numerosos animales, y contempla la habilitaci\u00f3n de unidades cuya infraestructura no est\u00e9 prevista en la normativa, siempre y cuando resulten funcionales para cada especie.<\/p>\n\n\n\n<p>Entre otros de los puntos destacados, la actualizaci\u00f3n del marco regulatorio <strong>autoriza el uso de la malla cuadriculada<\/strong> para aquellos veh\u00edculos que trasladen <strong>porcinos<\/strong>, dando lugar a la habilitaci\u00f3n de <strong>transportes \u201cmultiespecie\u201d<\/strong>.<\/p>\n\n\n\n<p>Adem\u00e1s, <strong>se incorporan a los veh\u00edculos que no requieren habilitaci\u00f3n sanitaria para el traslado de animales vivos y mercanc\u00edas de origen animal, aquellos que movilicen abejas, productos y subproductos de la industria ap\u00edcola, aves ornamentales y de exposiciones y peces ornamentales<\/strong>..<\/p>\n\n\n\n<p>El nuevo esquema tambi\u00e9n prev\u00e9 una <strong>habilitaci\u00f3n provisoria de 90 d\u00edas para los veh\u00edculos que no cumplan con los requisitos iniciales<\/strong> durante el procedimiento de habilitaci\u00f3n que realiza el Senasa. Durante ese per\u00edodo, el responsable del transporte deber\u00e1 realizar las modificaciones requeridas para obtener la tarjeta de habilitaci\u00f3n.<\/p>\n\n\n\n<p>Otra de las novedades de la resoluci\u00f3n es la creaci\u00f3n del <strong>Programa de Certificaci\u00f3n Sanitaria Oficial de Fabricaci\u00f3n de Veh\u00edculos<\/strong>, destinado \u00fanicamente a fabricantes que busquen homologar ante el Senasa sus dise\u00f1os bajo est\u00e1ndares y exigencias t\u00e9cnicas, en su etapa previa de comercializaci\u00f3n. Esta certificaci\u00f3n, sujeta a la supervisi\u00f3n y auditor\u00eda del organismo sanitario, contar\u00e1 con una <strong>validez de 5 a\u00f1os para cada modelo de veh\u00edculo 0 km<\/strong> de transporte de animales vivos y\/o mercanc\u00edas de origen animal.<\/p>\n\n\n\n<p>De esta manera, el Senasa actualiza y simplifica los requisitos y procedimientos t\u00e9cnicos de habilitaci\u00f3n contemplados en resoluciones previas, <strong>alineando la regulaci\u00f3n de nuestro pa\u00eds con los est\u00e1ndares internacionales m\u00e1s altos y fortaleciendo el control sanitario, la inocuidad de los productos transportados y la competitividad del sector productivo<\/strong>.<\/p>\n\n\n\n<figure class=\"wp-block-image size-full\"><img loading=\"lazy\" decoding=\"async\" width=\"283\" height=\"162\" src=\"https:\/\/grupotiempodigital.com.ar\/wp-content\/uploads\/2024\/05\/SENASA-ROCCA.jpg\" alt=\"\" class=\"wp-image-45627\"\/><\/figure>\n","protected":false},"excerpt":{"rendered":"<p>La Resoluci\u00f3n Senasa 723\/25 incorpor\u00f3 los veh\u00edculos \u201cBitren\u201d y multiespecie y cre\u00f3 el Programa de Certificaci\u00f3n Sanitaria Oficial de Fabricaci\u00f3n<\/p>\n","protected":false},"author":3,"featured_media":45626,"comment_status":"open","ping_status":"open","sticky":false,"template":"","format":"standard","meta":{"colormag_page_container_layout":"default_layout","colormag_page_sidebar_layout":"default_layout","footnotes":""},"categories":[1],"tags":[],"class_list":["post-50512","post","type-post","status-publish","format-standard","has-post-thumbnail","hentry","category-actualidad"],"_links":{"self":[{"href":"https:\/\/grupotiempodigital.com.ar\/index.php?rest_route=\/wp\/v2\/posts\/50512","targetHints":{"allow":["GET"]}}],"collection":[{"href":"https:\/\/grupotiempodigital.com.ar\/index.php?rest_route=\/wp\/v2\/posts"}],"about":[{"href":"https:\/\/grupotiempodigital.com.ar\/index.php?rest_route=\/wp\/v2\/types\/post"}],"author":[{"embeddable":true,"href":"https:\/\/grupotiempodigital.com.ar\/index.php?rest_route=\/wp\/v2\/users\/3"}],"replies":[{"embeddable":true,"href":"https:\/\/grupotiempodigital.com.ar\/index.php?rest_route=%2Fwp%2Fv2%2Fcomments&post=50512"}],"version-history":[{"count":1,"href":"https:\/\/grupotiempodigital.com.ar\/index.php?rest_route=\/wp\/v2\/posts\/50512\/revisions"}],"predecessor-version":[{"id":50513,"href":"https:\/\/grupotiempodigital.com.ar\/index.php?rest_route=\/wp\/v2\/posts\/50512\/revisions\/50513"}],"wp:featuredmedia":[{"embeddable":true,"href":"https:\/\/grupotiempodigital.com.ar\/index.php?rest_route=\/wp\/v2\/media\/45626"}],"wp:attachment":[{"href":"https:\/\/grupotiempodigital.com.ar\/index.php?rest_route=%2Fwp%2Fv2%2Fmedia&parent=50512"}],"wp:term":[{"taxonomy":"category","embeddable":true,"href":"https:\/\/grupotiempodigital.com.ar\/index.php?rest_route=%2Fwp%2Fv2%2Fcategories&post=50512"},{"taxonomy":"post_tag","embeddable":true,"href":"https:\/\/grupotiempodigital.com.ar\/index.php?rest_route=%2Fwp%2Fv2%2Ftags&post=50512"}],"curies":[{"name":"wp","href":"https:\/\/api.w.org\/{rel}","templated":true}]}}