{"id":50508,"date":"2025-09-19T10:16:10","date_gmt":"2025-09-19T13:16:10","guid":{"rendered":"https:\/\/grupotiempodigital.com.ar\/?p=50508"},"modified":"2025-09-19T10:16:11","modified_gmt":"2025-09-19T13:16:11","slug":"loma-verde-por-razones-climaticas-se-postergan-los-festejos-en-el-114-aniversario-de-nuestra-localidad%e2%80%bc","status":"publish","type":"post","link":"https:\/\/grupotiempodigital.com.ar\/?p=50508","title":{"rendered":"LOMA VERDE: POR RAZONES CLIM\u00c1TICAS, SE POSTERGAN LOS FESTEJOS EN EL 114\u00b0 ANIVERSARIO DE NUESTRA LOCALIDAD\u203c"},"content":{"rendered":"\n<p class=\"has-large-font-size\"><strong>\u00a0CRONOGRAMA REPROGRAMADO PARA EL PR\u00d3XIMO DOMINGO \u2747<\/strong><\/p>\n\n\n\n<p><strong>Programa oficial de actos &#8211; 28 de septiembre:\u00a0<\/strong><\/p>\n\n\n\n<p><strong> 10:30 HS. Izamiento de pabellones &#8211; Plazoleta Tte. Coronel Conde<\/strong><\/p>\n\n\n\n<p>\ud83d\udc0e <strong>11:00 HS. Desfile C\u00edvico &#8211; Tradicionalista en Av. Chiramberro<\/strong><\/p>\n\n\n\n<p>\ud83c\udfb6<strong> 14:00 HS. Espect\u00e1culo art\u00edstico &#8211; Play\u00f3n Polideportivo Municipal.<\/strong><\/p>\n\n\n\n<figure class=\"wp-block-image aligncenter size-large\"><img loading=\"lazy\" decoding=\"async\" width=\"1024\" height=\"1024\" src=\"https:\/\/grupotiempodigital.com.ar\/wp-content\/uploads\/2025\/09\/2-2-1024x1024.jpg\" alt=\"\" class=\"wp-image-50510\" srcset=\"https:\/\/grupotiempodigital.com.ar\/wp-content\/uploads\/2025\/09\/2-2-1024x1024.jpg 1024w, https:\/\/grupotiempodigital.com.ar\/wp-content\/uploads\/2025\/09\/2-2-300x300.jpg 300w, https:\/\/grupotiempodigital.com.ar\/wp-content\/uploads\/2025\/09\/2-2-150x150.jpg 150w, https:\/\/grupotiempodigital.com.ar\/wp-content\/uploads\/2025\/09\/2-2-768x768.jpg 768w, https:\/\/grupotiempodigital.com.ar\/wp-content\/uploads\/2025\/09\/2-2.jpg 1080w\" sizes=\"auto, (max-width: 1024px) 100vw, 1024px\" \/><\/figure>\n\n\n\n<ul class=\"wp-block-list\">\n<li><\/li>\n<\/ul>\n","protected":false},"excerpt":{"rendered":"<p>\u00a0CRONOGRAMA REPROGRAMADO PARA EL PR\u00d3XIMO DOMINGO \u2747 Programa oficial de actos &#8211; 28 de septiembre:\u00a0 10:30 HS. Izamiento de pabellones<\/p>\n","protected":false},"author":3,"featured_media":50509,"comment_status":"open","ping_status":"open","sticky":false,"template":"","format":"standard","meta":{"colormag_page_container_layout":"default_layout","colormag_page_sidebar_layout":"default_layout","footnotes":""},"categories":[1],"tags":[],"class_list":["post-50508","post","type-post","status-publish","format-standard","has-post-thumbnail","hentry","category-actualidad"],"_links":{"self":[{"href":"https:\/\/grupotiempodigital.com.ar\/index.php?rest_route=\/wp\/v2\/posts\/50508","targetHints":{"allow":["GET"]}}],"collection":[{"href":"https:\/\/grupotiempodigital.com.ar\/index.php?rest_route=\/wp\/v2\/posts"}],"about":[{"href":"https:\/\/grupotiempodigital.com.ar\/index.php?rest_route=\/wp\/v2\/types\/post"}],"author":[{"embeddable":true,"href":"https:\/\/grupotiempodigital.com.ar\/index.php?rest_route=\/wp\/v2\/users\/3"}],"replies":[{"embeddable":true,"href":"https:\/\/grupotiempodigital.com.ar\/index.php?rest_route=%2Fwp%2Fv2%2Fcomments&post=50508"}],"version-history":[{"count":1,"href":"https:\/\/grupotiempodigital.com.ar\/index.php?rest_route=\/wp\/v2\/posts\/50508\/revisions"}],"predecessor-version":[{"id":50511,"href":"https:\/\/grupotiempodigital.com.ar\/index.php?rest_route=\/wp\/v2\/posts\/50508\/revisions\/50511"}],"wp:featuredmedia":[{"embeddable":true,"href":"https:\/\/grupotiempodigital.com.ar\/index.php?rest_route=\/wp\/v2\/media\/50509"}],"wp:attachment":[{"href":"https:\/\/grupotiempodigital.com.ar\/index.php?rest_route=%2Fwp%2Fv2%2Fmedia&parent=50508"}],"wp:term":[{"taxonomy":"category","embeddable":true,"href":"https:\/\/grupotiempodigital.com.ar\/index.php?rest_route=%2Fwp%2Fv2%2Fcategories&post=50508"},{"taxonomy":"post_tag","embeddable":true,"href":"https:\/\/grupotiempodigital.com.ar\/index.php?rest_route=%2Fwp%2Fv2%2Ftags&post=50508"}],"curies":[{"name":"wp","href":"https:\/\/api.w.org\/{rel}","templated":true}]}}