{"id":50502,"date":"2025-09-19T08:16:50","date_gmt":"2025-09-19T11:16:50","guid":{"rendered":"https:\/\/grupotiempodigital.com.ar\/?p=50502"},"modified":"2025-09-19T09:22:37","modified_gmt":"2025-09-19T12:22:37","slug":"informacion-social-ranchos-chascomus-pila-373","status":"publish","type":"post","link":"https:\/\/grupotiempodigital.com.ar\/?p=50502","title":{"rendered":"INFORMACI\u00d3N SOCIAL RANCHOS &#8211; CHASCOM\u00daS \u2013 PILA"},"content":{"rendered":"\n<p><strong><u>CUMPLEA\u00d1OS RANCHOS VIERNES 19 DE SEPTIEMBRE: <\/u><\/strong><strong>MATIAS CORTES, AILEN ACOSTA, NAZARENO TARQUINI, MAYLEN FODOR CASTRO, ANABELA KONIG, PAOLA GALVAN.<\/strong><\/p>\n\n\n\n<p><strong><u>FARMACIAS DE TURNO VIERNES 19 DE SEPTIEMBRE<\/u><\/strong><\/p>\n\n\n\n<p><strong>RANCHOS: D ANDREA (Campomar y Mois\u00e9s Tinao)<\/strong><\/p>\n\n\n\n<p><strong>CHASCOM\u00daS: PASTEUR (L. del Sur 302) y PUYSSEGUR (L. del Sur 946)<\/strong><\/p>\n\n\n\n<p><strong>PILA: PEREZ (6 e\/ 11 y 13)<\/strong><\/p>\n\n\n\n<p><strong><u>CUMPLEA\u00d1OS RANCHOS SABADO 20 DE SEPTIEMBRE:<\/u><\/strong> <strong>OVIDIO OMAR GO\u00d1I, MARIANELA LEBRERO, LUIS GIMENEZ, FRANCISCO RASTELLI.<\/strong><\/p>\n\n\n\n<p><strong><u>FARMACIAS DE TURNO SABADO 20 DE SEPTIEMBRE<\/u><\/strong><\/p>\n\n\n\n<p><strong>RANCHOS: TORRISSI (Mitre casi Luis Giles)<\/strong><\/p>\n\n\n\n<p><strong>CHASCOM\u00daS: MALENA (Escribano 2) y FARMASUR (Alfons\u00edn y B. Blanca)<\/strong><\/p>\n\n\n\n<p><strong>PILA: PEREZ (6 e\/ 11 y 13)<\/strong><\/p>\n\n\n\n<p><strong><u>CUMPLEA\u00d1OS RANCHOS DOMINGO 21 DE SEPTIEMBRE:<\/u><\/strong> <strong>ROLANDO PORCEL DE PERALTA, MARY FRANCIOSI DE URIBARRI, HORACIO ALARCON, FRANCO GARMAS.<\/strong><\/p>\n\n\n\n<p><strong><u>FARMACIAS DE TURNO DOMINGO 21 DE SEPTIEMBRE<\/u><\/strong><\/p>\n\n\n\n<p><strong>RANCHOS: TORRISSI (Mitre casi Luis Giles)<\/strong><\/p>\n\n\n\n<p><strong>CHASCOM\u00daS: BELGRANO (Belgrano 649) y CANGIALOSI (Garay 56)<\/strong><\/p>\n\n\n\n<p><strong>PILA: PEREZ (6 e\/ 11 y 13)<\/strong><\/p>\n\n\n\n<p><strong>NECROLOGICA RANCHOS<\/strong><\/p>\n\n\n\n<p><strong>Falleci\u00f3 hoy a los 90 a\u00f1os de edad la se\u00f1ora MARIA ANTONIA GONZALEZ, sus restos son velados hoy desde las 09:00 y hasta las 15:00 horas, luego inhumados en el cementerio local. (Salatino-Bilbao)<\/strong><\/p>\n","protected":false},"excerpt":{"rendered":"<p>CUMPLEA\u00d1OS RANCHOS VIERNES 19 DE SEPTIEMBRE: MATIAS CORTES, AILEN ACOSTA, NAZARENO TARQUINI, MAYLEN FODOR CASTRO, ANABELA KONIG, PAOLA GALVAN. FARMACIAS<\/p>\n","protected":false},"author":3,"featured_media":47075,"comment_status":"open","ping_status":"open","sticky":false,"template":"","format":"standard","meta":{"colormag_page_container_layout":"default_layout","colormag_page_sidebar_layout":"default_layout","footnotes":""},"categories":[1],"tags":[],"class_list":["post-50502","post","type-post","status-publish","format-standard","has-post-thumbnail","hentry","category-actualidad"],"_links":{"self":[{"href":"https:\/\/grupotiempodigital.com.ar\/index.php?rest_route=\/wp\/v2\/posts\/50502","targetHints":{"allow":["GET"]}}],"collection":[{"href":"https:\/\/grupotiempodigital.com.ar\/index.php?rest_route=\/wp\/v2\/posts"}],"about":[{"href":"https:\/\/grupotiempodigital.com.ar\/index.php?rest_route=\/wp\/v2\/types\/post"}],"author":[{"embeddable":true,"href":"https:\/\/grupotiempodigital.com.ar\/index.php?rest_route=\/wp\/v2\/users\/3"}],"replies":[{"embeddable":true,"href":"https:\/\/grupotiempodigital.com.ar\/index.php?rest_route=%2Fwp%2Fv2%2Fcomments&post=50502"}],"version-history":[{"count":2,"href":"https:\/\/grupotiempodigital.com.ar\/index.php?rest_route=\/wp\/v2\/posts\/50502\/revisions"}],"predecessor-version":[{"id":50507,"href":"https:\/\/grupotiempodigital.com.ar\/index.php?rest_route=\/wp\/v2\/posts\/50502\/revisions\/50507"}],"wp:featuredmedia":[{"embeddable":true,"href":"https:\/\/grupotiempodigital.com.ar\/index.php?rest_route=\/wp\/v2\/media\/47075"}],"wp:attachment":[{"href":"https:\/\/grupotiempodigital.com.ar\/index.php?rest_route=%2Fwp%2Fv2%2Fmedia&parent=50502"}],"wp:term":[{"taxonomy":"category","embeddable":true,"href":"https:\/\/grupotiempodigital.com.ar\/index.php?rest_route=%2Fwp%2Fv2%2Fcategories&post=50502"},{"taxonomy":"post_tag","embeddable":true,"href":"https:\/\/grupotiempodigital.com.ar\/index.php?rest_route=%2Fwp%2Fv2%2Ftags&post=50502"}],"curies":[{"name":"wp","href":"https:\/\/api.w.org\/{rel}","templated":true}]}}