{"id":50492,"date":"2025-09-18T10:27:14","date_gmt":"2025-09-18T13:27:14","guid":{"rendered":"https:\/\/grupotiempodigital.com.ar\/?p=50492"},"modified":"2025-09-18T10:27:15","modified_gmt":"2025-09-18T13:27:15","slug":"acreditacion-para-desempenarse-como-vacunador-contra-la-fiebre-aftosa-en-el-norte-bonaerense","status":"publish","type":"post","link":"https:\/\/grupotiempodigital.com.ar\/?p=50492","title":{"rendered":"Acreditaci\u00f3n para desempe\u00f1arse como vacunador contra la fiebre aftosa en el norte bonaerense"},"content":{"rendered":"\n<p class=\"has-large-font-size\"><strong>Se realiz\u00f3 en las instalaciones del Centro Regional Buenos Aires Norte del Senasa, en la ciudad de Chivilcoy y cont\u00f3 con la presencia de veterinarios e id\u00f3neos de la regi\u00f3n.<\/strong><\/p>\n\n\n\n<p class=\"has-medium-font-size\">En el marco previo al inicio de la <strong>segunda campa\u00f1a 2025 de vacunaci\u00f3n contra la fiebre aftosa y la brucelosis bovina<\/strong>, el <strong>Senasa<\/strong> realiz\u00f3 una jornada de capacitaci\u00f3n destinada a veterinarios e id\u00f3neos del sector privado que pretenden desempe\u00f1arse como vacunadores acreditados.<\/p>\n\n\n\n<p class=\"has-medium-font-size\">El curso fue organizado por la Coordinaci\u00f3n de Sanidad Animal del <strong>Centro Regional Buenos Aires Norte<\/strong> y dictado por <strong>profesionales de las oficinas de Alberti y Suipacha<\/strong>, quienes abordaron inicialmente las <strong>caracter\u00edsticas generales de la fiebre aftosa<\/strong>, las <strong>causas que la producen<\/strong> y sus <strong>v\u00edas de transmisi\u00f3n<\/strong>.<\/p>\n\n\n\n<p class=\"has-medium-font-size\">Posteriormente, expusieron sobre el <strong>estatus sanitario con el que cuenta la Argentina<\/strong> y los diferentes pa\u00edses de la regi\u00f3n, y resaltaron la <strong>importancia de cumplir adecuadamente con el procedimiento sanitario y administrativo al momento de aplicar la vacuna<\/strong>. En este punto, las disertantes enfatizaron en las funciones y responsabilidades indelegables que tiene todo vacunador como agente de prevenci\u00f3n sanitario, involucrado dentro del Plan Nacional de Erradicaci\u00f3n y Control de la Fiebre Aftosa.<\/p>\n\n\n\n<p class=\"has-medium-font-size\">Terminada la etapa te\u00f3rica\/expositiva, se abri\u00f3 un espacio de consulta, dudas e intercambio de opiniones, para finalizar el encuentro con una <strong>evaluaci\u00f3n escrita e individual<\/strong> de cada uno de los presentes. La aprobaci\u00f3n de esta instancia final es <strong>requisito obligatorio para completar el proceso oficial de acreditaci\u00f3n<\/strong>.<\/p>\n\n\n\n<p class=\"has-medium-font-size\">Asistieron al curso profesionales e id\u00f3neos de distintas localidades de la provincia de Buenos Aires, como Lobos, Luj\u00e1n, Mercedes, General Pintos, Escobar, Lincoln, Carlos Casares, Tandil, 25 de Mayo, Saladillo, Pergamino, Azul y Chivilcoy.<\/p>\n\n\n\n<figure class=\"wp-block-image size-full\"><img loading=\"lazy\" decoding=\"async\" width=\"283\" height=\"162\" src=\"https:\/\/grupotiempodigital.com.ar\/wp-content\/uploads\/2024\/05\/SENASA-ROCCA.jpg\" alt=\"\" class=\"wp-image-45627\"\/><\/figure>\n","protected":false},"excerpt":{"rendered":"<p>Se realiz\u00f3 en las instalaciones del Centro Regional Buenos Aires Norte del Senasa, en la ciudad de Chivilcoy y cont\u00f3<\/p>\n","protected":false},"author":3,"featured_media":45626,"comment_status":"open","ping_status":"open","sticky":false,"template":"","format":"standard","meta":{"colormag_page_container_layout":"default_layout","colormag_page_sidebar_layout":"default_layout","footnotes":""},"categories":[1],"tags":[],"class_list":["post-50492","post","type-post","status-publish","format-standard","has-post-thumbnail","hentry","category-actualidad"],"_links":{"self":[{"href":"https:\/\/grupotiempodigital.com.ar\/index.php?rest_route=\/wp\/v2\/posts\/50492","targetHints":{"allow":["GET"]}}],"collection":[{"href":"https:\/\/grupotiempodigital.com.ar\/index.php?rest_route=\/wp\/v2\/posts"}],"about":[{"href":"https:\/\/grupotiempodigital.com.ar\/index.php?rest_route=\/wp\/v2\/types\/post"}],"author":[{"embeddable":true,"href":"https:\/\/grupotiempodigital.com.ar\/index.php?rest_route=\/wp\/v2\/users\/3"}],"replies":[{"embeddable":true,"href":"https:\/\/grupotiempodigital.com.ar\/index.php?rest_route=%2Fwp%2Fv2%2Fcomments&post=50492"}],"version-history":[{"count":1,"href":"https:\/\/grupotiempodigital.com.ar\/index.php?rest_route=\/wp\/v2\/posts\/50492\/revisions"}],"predecessor-version":[{"id":50493,"href":"https:\/\/grupotiempodigital.com.ar\/index.php?rest_route=\/wp\/v2\/posts\/50492\/revisions\/50493"}],"wp:featuredmedia":[{"embeddable":true,"href":"https:\/\/grupotiempodigital.com.ar\/index.php?rest_route=\/wp\/v2\/media\/45626"}],"wp:attachment":[{"href":"https:\/\/grupotiempodigital.com.ar\/index.php?rest_route=%2Fwp%2Fv2%2Fmedia&parent=50492"}],"wp:term":[{"taxonomy":"category","embeddable":true,"href":"https:\/\/grupotiempodigital.com.ar\/index.php?rest_route=%2Fwp%2Fv2%2Fcategories&post=50492"},{"taxonomy":"post_tag","embeddable":true,"href":"https:\/\/grupotiempodigital.com.ar\/index.php?rest_route=%2Fwp%2Fv2%2Ftags&post=50492"}],"curies":[{"name":"wp","href":"https:\/\/api.w.org\/{rel}","templated":true}]}}