{"id":5047,"date":"2014-11-19T16:29:47","date_gmt":"2014-11-19T19:29:47","guid":{"rendered":"http:\/\/grupotiempodigital.com.ar\/?p=5047"},"modified":"2014-12-02T17:35:14","modified_gmt":"2014-12-02T20:35:14","slug":"p-francese-la-gente-nos-pedia-que-hicieramos-esto","status":"publish","type":"post","link":"https:\/\/grupotiempodigital.com.ar\/?p=5047","title":{"rendered":"P. Francese: \u201c La gente nos ped\u00eda que hici\u00e9ramos esto &#8230;.\u201d"},"content":{"rendered":"<p>Unidad x Chascom\u00fas llev\u00f3 a cabo una elecci\u00f3n entre sus afiliados el domingo pasado en su sede para poner a criterio de sus integrantes la posibilidad de entablar negociaciones con otras fuerzas pol\u00edticas con el prop\u00f3sito de marchar juntos, seguramente en una boleta s\u00e1bana con las otras categor\u00edas de candidatos a lo comicios de 2015, la que arroj\u00f3 resultado ampliamente en favor del SI. En Libres del Sur fm (90.1 Mhz) dialog\u00f3 extensamente este martes el presidente del bloque de concejales Pablo Francese. \u201c En la elecci\u00f3n pasada me toc\u00f3 encabezar la lista de candidatos y la gente nos dec\u00eda que hici\u00e9ramos algo en procura de cambiar la historia de este Chascom\u00fas que cada d\u00eda est\u00e1 peor en todos los sentidos y con un gobierno que hasta parece estar buscando a quien pas\u00e1rselo\u201d dijo el popular \u201cmosca\u201d.-<br \/>\nConsultado sobre si esta decisi\u00f3n \u201c no es amputarle una opci\u00f3n a la ciudadan\u00eda de Chascom\u00fas, el edil no coincidi\u00f3: \u201c Hoy existen las PASO y all\u00ed la gente tiene la posibilidad de dirimir muchas de estas cuestiones. Adem\u00e1s, quiero destacar que en ning\u00fan caso nosotros perderemos nuestra identidad, nuestros objetivos y hasta nuestros equipos de trabajo. Seguiremos siendo Unidad por Chascom\u00fas\u201d dijo.<br \/>\nCuando se le sugiri\u00f3 que \u201ca\u00fan sin decirlo, las opciones mas claras son el Frente para la Victoria o el Frente Renovador\u201d, la respuesta evit\u00f3 precisiones: \u201c Eso no se trat\u00f3. Hemos recibido el aval para conversar y lo haremos dispuestos a encontrar objetivos comunes y una forma similar de ver y pensar Chascom\u00fas. Naturalmente que no nos vemos acordando con quienes han gobernado los \u00faltimos a\u00f1os y hoy gobiernan el distrito que son los radicales, pero con los dem\u00e1s podemos conversar con todos&#8230;..\u201d agreg\u00f3. Tambi\u00e9n respondi\u00f3 cuando se le plante\u00f3 que en algunas agrupaciones hay mas de un espacio interno y que es posible que UxCH acuerde programas con uno de esos sectores, pero en el momento de las PASO gane otro sector interno de ese espacio y el vecinalismo quede pegado a una candidatura que no comulga con ellos. \u201c Es muy prematuro hablar de todo eso. Todo lo analizaremos. Tambi\u00e9n es cierto que Unidad ha demostrado que tiene un caudal de votos para ir a cualquier elecci\u00f3n y ganarla. Por lo tanto hay que pensar que tambi\u00e9n estamos en condiciones de ganar en cualquier elecci\u00f3n primaria\u201d dijo Francese.<br \/>\nEn todo momento reiter\u00f3 sus fuertes cr\u00edticas al gobierno municipal. \u201c As\u00ed no se puede seguir y eso es lo que nos gu\u00eda\u201d.-<br \/>\nAl momento de hablar de candidaturas propias, a t\u00edtulo personal dijo que \u201c Javier Gast\u00f3n es sin dudas el mejor candidato a mi criterio, pero aclaro que en Unidad hay muchos dirigentes con sobradas condiciones para gobernar este distrito&#8230;.\u201d<br \/>\nFinalmente se lo consult\u00f3 sobre los plazos y las formas para iniciar conversaciones y tambi\u00e9n para culminar las mismas. \u201c A\u00fan falta mucho para esas elecciones. Ahora viene una \u00e9poca de cierto impasse y creo que entre marzo y mayo deber\u00e1 acordarse todo. Y en cuanto a quienes negociar\u00e1n ser\u00e1 la comisi\u00f3n que conduce nuestro partido&#8230;..\u201d<br \/>\nAl margen de la nota en la radio de TIEMPO, pocos minutos despu\u00e9s en otro medio,  Marcelo Muscarello, uno de los posibles candidatos del Frente para la Victoria afirmaba que hab\u00eda \u201c tenido algunos inconvenientes con Unidad x Chascom\u00fas\u201d.-<br \/>\n\u00bf Ser\u00e1 con un sector del Frente Renovador la negociaci\u00f3n mas firme de Unidad?<\/p>\n<p>(escuchar entrevista con Pablo Francese )<br \/>\n<object id=\"player3751701\" width=\"240\" height=\"133\" type=\"application\/x-shockwave-flash\" data=\"http:\/\/www.ivoox.com\/playerivoox_ee_3751701_1.html\"><param name=\"movie\" value=\"http:\/\/www.ivoox.com\/playerivoox_ee_3751701_1.html\"><\/param><param name=\"AllowScriptAccess\" value=\"always\"><\/param><param name=\"allowFullScreen\" value=\"true\"><\/param><param name=\"wmode\" value=\"transparent\"><\/param><embed src=\"http:\/\/www.ivoox.com\/playerivoox_ee_3751701_1.html\" type=\"application\/x-shockwave-flash\" allowfullscreen=\"true\" wmode=\"transparent\" allowscriptaccess=\"always\" width=\"240\" height=\"133\"><\/embed><\/object><\/p>\n<p><a href=\"https:\/\/grupotiempodigital.com.ar\/?attachment_id=5048\" rel=\"attachment wp-att-5048\"><img loading=\"lazy\" decoding=\"async\" src=\"https:\/\/grupotiempodigital.com.ar\/wp-content\/uploads\/2014\/11\/Francese.jpg\" alt=\"\" title=\"Francese\" width=\"388\" height=\"491\" class=\"alignleft size-full wp-image-5048\" srcset=\"https:\/\/grupotiempodigital.com.ar\/wp-content\/uploads\/2014\/11\/Francese.jpg 388w, https:\/\/grupotiempodigital.com.ar\/wp-content\/uploads\/2014\/11\/Francese-237x300.jpg 237w\" sizes=\"auto, (max-width: 388px) 100vw, 388px\" \/><\/a><\/p>\n","protected":false},"excerpt":{"rendered":"<p>Unidad x Chascom\u00fas llev\u00f3 a cabo una elecci\u00f3n entre sus afiliados el domingo pasado en su sede para poner a<\/p>\n","protected":false},"author":3,"featured_media":5048,"comment_status":"open","ping_status":"open","sticky":false,"template":"","format":"standard","meta":{"colormag_page_container_layout":"default_layout","colormag_page_sidebar_layout":"default_layout","footnotes":""},"categories":[1],"tags":[],"class_list":["post-5047","post","type-post","status-publish","format-standard","has-post-thumbnail","hentry","category-actualidad"],"_links":{"self":[{"href":"https:\/\/grupotiempodigital.com.ar\/index.php?rest_route=\/wp\/v2\/posts\/5047","targetHints":{"allow":["GET"]}}],"collection":[{"href":"https:\/\/grupotiempodigital.com.ar\/index.php?rest_route=\/wp\/v2\/posts"}],"about":[{"href":"https:\/\/grupotiempodigital.com.ar\/index.php?rest_route=\/wp\/v2\/types\/post"}],"author":[{"embeddable":true,"href":"https:\/\/grupotiempodigital.com.ar\/index.php?rest_route=\/wp\/v2\/users\/3"}],"replies":[{"embeddable":true,"href":"https:\/\/grupotiempodigital.com.ar\/index.php?rest_route=%2Fwp%2Fv2%2Fcomments&post=5047"}],"version-history":[{"count":0,"href":"https:\/\/grupotiempodigital.com.ar\/index.php?rest_route=\/wp\/v2\/posts\/5047\/revisions"}],"wp:featuredmedia":[{"embeddable":true,"href":"https:\/\/grupotiempodigital.com.ar\/index.php?rest_route=\/wp\/v2\/media\/5048"}],"wp:attachment":[{"href":"https:\/\/grupotiempodigital.com.ar\/index.php?rest_route=%2Fwp%2Fv2%2Fmedia&parent=5047"}],"wp:term":[{"taxonomy":"category","embeddable":true,"href":"https:\/\/grupotiempodigital.com.ar\/index.php?rest_route=%2Fwp%2Fv2%2Fcategories&post=5047"},{"taxonomy":"post_tag","embeddable":true,"href":"https:\/\/grupotiempodigital.com.ar\/index.php?rest_route=%2Fwp%2Fv2%2Ftags&post=5047"}],"curies":[{"name":"wp","href":"https:\/\/api.w.org\/{rel}","templated":true}]}}