{"id":50468,"date":"2025-09-17T09:09:54","date_gmt":"2025-09-17T12:09:54","guid":{"rendered":"https:\/\/grupotiempodigital.com.ar\/?p=50468"},"modified":"2025-09-17T09:09:54","modified_gmt":"2025-09-17T12:09:54","slug":"el-presidente-ejecutivo-de-aguas-bonaerenses-s-a-hugo-obed-visito-ranchos","status":"publish","type":"post","link":"https:\/\/grupotiempodigital.com.ar\/?p=50468","title":{"rendered":"El Presidente Ejecutivo de Aguas Bonaerenses S.A., Hugo Obed visito Ranchos"},"content":{"rendered":"\n<p>\u00a0<strong>El Intendente Alvarez recibi\u00f3 la visita del Presidente Ejecutivo de Aguas Bonaerenses S.A., Hugo Obed y recorrieron la obra de extensi\u00f3n de la red cloacal en el barrio N\u00e9stor Kirchner.<\/strong><\/p>\n\n\n\n<p><strong>Se trata de un avance clave que permitir\u00e1 ampliar el tendido cloacal y conectar la red para la puesta en funcionamiento de la estaci\u00f3n de bombeo, mejorando la infraestructura y la calidad de vida de m\u00e1s de 170 familias que habitan la zona.<\/strong><\/p>\n\n\n\n<figure class=\"wp-block-image size-large\"><img loading=\"lazy\" decoding=\"async\" width=\"1024\" height=\"576\" src=\"https:\/\/grupotiempodigital.com.ar\/wp-content\/uploads\/2025\/09\/2-1024x576.jpg\" alt=\"\" class=\"wp-image-50470\" srcset=\"https:\/\/grupotiempodigital.com.ar\/wp-content\/uploads\/2025\/09\/2-1024x576.jpg 1024w, https:\/\/grupotiempodigital.com.ar\/wp-content\/uploads\/2025\/09\/2-300x169.jpg 300w, https:\/\/grupotiempodigital.com.ar\/wp-content\/uploads\/2025\/09\/2-768x432.jpg 768w, https:\/\/grupotiempodigital.com.ar\/wp-content\/uploads\/2025\/09\/2.jpg 1080w\" sizes=\"auto, (max-width: 1024px) 100vw, 1024px\" \/><\/figure>\n","protected":false},"excerpt":{"rendered":"<p>\u00a0El Intendente Alvarez recibi\u00f3 la visita del Presidente Ejecutivo de Aguas Bonaerenses S.A., Hugo Obed y recorrieron la obra de<\/p>\n","protected":false},"author":3,"featured_media":50469,"comment_status":"open","ping_status":"open","sticky":false,"template":"","format":"standard","meta":{"colormag_page_container_layout":"default_layout","colormag_page_sidebar_layout":"default_layout","footnotes":""},"categories":[1],"tags":[],"class_list":["post-50468","post","type-post","status-publish","format-standard","has-post-thumbnail","hentry","category-actualidad"],"_links":{"self":[{"href":"https:\/\/grupotiempodigital.com.ar\/index.php?rest_route=\/wp\/v2\/posts\/50468","targetHints":{"allow":["GET"]}}],"collection":[{"href":"https:\/\/grupotiempodigital.com.ar\/index.php?rest_route=\/wp\/v2\/posts"}],"about":[{"href":"https:\/\/grupotiempodigital.com.ar\/index.php?rest_route=\/wp\/v2\/types\/post"}],"author":[{"embeddable":true,"href":"https:\/\/grupotiempodigital.com.ar\/index.php?rest_route=\/wp\/v2\/users\/3"}],"replies":[{"embeddable":true,"href":"https:\/\/grupotiempodigital.com.ar\/index.php?rest_route=%2Fwp%2Fv2%2Fcomments&post=50468"}],"version-history":[{"count":1,"href":"https:\/\/grupotiempodigital.com.ar\/index.php?rest_route=\/wp\/v2\/posts\/50468\/revisions"}],"predecessor-version":[{"id":50471,"href":"https:\/\/grupotiempodigital.com.ar\/index.php?rest_route=\/wp\/v2\/posts\/50468\/revisions\/50471"}],"wp:featuredmedia":[{"embeddable":true,"href":"https:\/\/grupotiempodigital.com.ar\/index.php?rest_route=\/wp\/v2\/media\/50469"}],"wp:attachment":[{"href":"https:\/\/grupotiempodigital.com.ar\/index.php?rest_route=%2Fwp%2Fv2%2Fmedia&parent=50468"}],"wp:term":[{"taxonomy":"category","embeddable":true,"href":"https:\/\/grupotiempodigital.com.ar\/index.php?rest_route=%2Fwp%2Fv2%2Fcategories&post=50468"},{"taxonomy":"post_tag","embeddable":true,"href":"https:\/\/grupotiempodigital.com.ar\/index.php?rest_route=%2Fwp%2Fv2%2Ftags&post=50468"}],"curies":[{"name":"wp","href":"https:\/\/api.w.org\/{rel}","templated":true}]}}